{"id":899,"date":"2018-08-21T18:14:43","date_gmt":"2018-08-21T18:14:43","guid":{"rendered":"http:\/\/www.monikavizraeli.com\/?p=899"},"modified":"2023-08-26T20:45:22","modified_gmt":"2023-08-26T20:45:22","slug":"po-tydnu-doma","status":"publish","type":"post","link":"https:\/\/www.monikavizraeli.com\/index.php\/2018\/08\/21\/po-tydnu-doma\/","title":{"rendered":"Po t\u00fddnu doma"},"content":{"rendered":"<p>U\u017e t\u00fdden doma. Backlog pra\u010dky je zpracovan\u00fd a v&nbsp;lednici se na m\u011b usm\u00edvaj\u00ed dva nalo\u017een\u00e9 camemberty (byly t\u0159i&#8230;), coby kompenzace za to tr\u00e1pen\u00ed b\u011bhem dovolen\u00e9 v&nbsp;\u010cech\u00e1ch, kdy jsem m\u011bla stra\u0161nou chu\u0165 na nakl\u00e1dan\u00fd hermel\u00edn a nemohla si d\u00e1t. Doma to m\u011bs\u00edc p\u0159e\u017eila vod\u011bnka a s&nbsp;pomoc\u00ed venkovn\u00edho zavla\u017eov\u00e1n\u00ed na zahrad\u011b jedna z&nbsp;dvou orchidej\u00ed plus dal\u0161\u00ed pokojov\u00e1 rostlina, v&nbsp;co\u017e jsem ani nedoufala. Ob\u011b auta jsou funk\u010dn\u00ed, i kdy\u017e Citroen na m\u011b po dne\u0161ku zlostn\u011b m\u017eour\u00e1 jen jedn\u00edm okem a je\u0161t\u011b si vy\u017e\u00e1dal po t\u00fddnu dal\u0161\u00ed plnou n\u00e1dr\u017e p\u0159esto, \u017ee jsme se denn\u011b nehli od domu do vzd\u00e1lenosti del\u0161\u00ed ne\u017e 20 km. Nena\u017eranec prost\u011b. B\u0159icho velikosti a v\u00e1hy medicimb\u00e1lu v\u00fdrazn\u011b komplikuje st\u00e1n\u00ed u plotny a hlavn\u011b u d\u0159ezu. Botky, co jsem je\u0161t\u011b p\u0159ed dovolenou hodn\u011b nosila signalizuj\u00ed, \u017ee i otok nohou zna\u010dn\u011b zes\u00edlil&#8230;<\/p>\n<p>P\u0159ed chv\u00edl\u00ed jsem se vr\u00e1tila z&nbsp;lekce gijuru a zjistila (krom\u011b toho, \u017ee se mi na t\u00e9 tvrd\u00e9 \u017eidli ve t\u0159\u00edd\u011b stra\u0161n\u011b blb\u011b sed\u00ed) \u017ee jsme b\u011bhem toho m\u011bs\u00edce o nic nep\u0159i\u0161li, proto\u017ee se t\u00e9m\u011b\u0159 nestudovalo. Moshe i Revital nav\u00e1zali na l\u00e1tku, kterou si pamatujeme z&nbsp;doby p\u0159ed odjezdem. V&nbsp;pr\u016fb\u011bhu diskuze o kolob\u011bhu \u017eivota Moshe lehce na\u0165ukl i t\u00e9ma v\u00fdchovy d\u011bt\u00ed. Na tabuli napsal a tu\u010dn\u011b zakrou\u017ekoval dv\u011b slova: \u201el\u00e1ska\u201c a \u201etrp\u011blivost\u201c. Ano, j\u00e1 v\u00edm, \u017ee se by se z\u0159ejm\u011b m\u011blo jednat o z\u00e1kladn\u00ed stavebn\u00ed k\u00e1men v\u00fdchovy bez n\u00e1vaznosti na jak\u00e9koliv n\u00e1bo\u017eenstv\u00ed, ale i tak to pro m\u011b bylo zas a znovu pot\u0159ebn\u00e9 \u0165uknut\u00ed. Pozastaven\u00ed a zamy\u0161len\u00ed se nad t\u00edm, jak \u010dasto u m\u011b z\u00edsk\u00e1v\u00e1 prioritu urputn\u00e1 snaha o nastavov\u00e1n\u00ed hranic, nez\u0159\u00eddka dost autoritativn\u00edm zp\u016fsobem. Op\u011bt p\u0159edsevzet\u00ed, \u017ee od z\u00edtra to zkus\u00edm jinak a l\u00edp. Te\u010f s&nbsp;extra motivac\u00ed, proto\u017ee jen co jsme se tu stihli aklimatizovat, je p\u0159ede mnou nov\u00e1 v\u00fdzva v&nbsp;podob\u011b Giyorovy slu\u017eebn\u00ed cesty do Polska, dovolen\u00e9 tch\u00fdn\u011b a \u0161vagrovic rodinky (jin\u00fdmi slovy, budu tu s&nbsp;klukama sama od r\u00e1na do ve\u010dera po cel\u00fd t\u00fdden&#8230;) a rozhodn\u011b to teda nen\u00ed dobr\u00e1 doba k&nbsp;riskov\u00e1n\u00ed p\u0159ed\u010dasn\u00e9ho porodu z&nbsp;roz\u010dilen\u00ed se do ruda :-).<\/p>\n<p>I kdy\u017e se malej dost \u010dasto mrsk\u00e1 tak zdatn\u011b, a\u017e se krout\u00edm, douf\u00e1m, \u017ee vydr\u017e\u00ed v&nbsp;tom velryb\u00edm b\u0159ichu je\u0161t\u011b aspo\u0148 dva t\u00fddny po n\u00e1stupu obou br\u00e1\u0161k\u016f do \u0161kolky, abych m\u011bla \u010das to tu na p\u0159\u00edchod t\u0159et\u00edho potomka mali\u010dko p\u0159ipravit. Aktu\u00e1ln\u011b to vypad\u00e1 jako mission impossible \u2013 v&nbsp;p\u0159ebalovac\u00ed komod\u011b st\u00e1le Nevou\u0161ovo oble\u010den\u00ed, v&nbsp;pokoj\u00ed\u010dc\u00edch kluk\u016f prob\u00edhaj\u00edc\u00ed zm\u011bny za \u00fa\u010delem vytvo\u0159en\u00ed nov\u00e9ho \u00falo\u017en\u00e9ho prostoru <span lang=\"en-GB\">a <\/span><span lang=\"cs-CZ\">p\u0159esunu post\u00fdlek pro p\u0159\u00edpad, \u017ee by se t\u0159eba rozhodli sp\u00e1t jinde ne\u017e s&nbsp;n\u00e1mi v&nbsp;lo\u017enici. S<\/span>\u00e1drokartonov\u00e1 ze\u010f stoj\u00ed, ale do fin\u00e1ln\u00edho vzhledu \u201ezdi\u201c m\u00e1 st\u00e1le daleko.<\/p>\n<p>Hork\u00e9 sprnov\u00e9 dny p\u0159e\u017e\u00edv\u00e1me hran\u00edm doma pod klimatizac\u00ed s&nbsp;p\u0159\u00edle\u017eitostn\u00fdmi v\u00fdb\u011bhy na zahradu k&nbsp;baz\u00e9nu. To pak fun\u00edm p\u0159i sebemen\u0161\u00ed n\u00e1maze a jako spr\u00e1vnej hroch se s&nbsp;nima pak rad\u0161i do t\u00fd p\u016fl metru hlubok\u00fd lou\u017ee nalo\u017e\u00edm taky. Vyrazit s&nbsp;nimi na jin\u00e9 klimatizovan\u00e9 \u00fato\u010di\u0161t\u011b budu donucena ve st\u0159edu, kdy je ohl\u00e1\u0161en\u00fd v\u00fdpadek elekt\u0159iny mezi 9 a 16 hodinou. Douf\u00e1m, \u017ee t\u00edm nemysl\u00ed celou tu dobu nep\u0159etr\u017eit\u011b, proto\u017ee bych se t\u00edm mohla rozlou\u010dit s&nbsp;obsahem ledni\u010dky a mraz\u00e1ku&#8230;<\/p>\n<p>Tak, jdu kluk\u016fm vytvo\u0159it kalend\u00e1\u0159, kde si m\u016f\u017eou od\u0161krt\u00e1vat dny do p\u0159\u00edjezdu tat\u00ednka a za\u010d\u00e1tku \u0161kolky. Vlastn\u011b to mo\u017en\u00e1 d\u011bl\u00e1m tak trochu pro sebe :D.<\/p>\n<p>&nbsp;&nbsp;<img loading=\"lazy\" decoding=\"async\" class=\"alignnone size-medium wp-image-900\" src=\"http:\/\/www.monikavizraeli.com\/wp-content\/uploads\/2018\/08\/DSC_0220-300x169.jpg\" alt=\"\" width=\"300\" height=\"169\"><\/p>\n","protected":false},"excerpt":{"rendered":"<p>U\u017e t\u00fdden doma. Backlog pra\u010dky je zpracovan\u00fd a v&nbsp;lednici se na m\u011b usm\u00edvaj\u00ed dva nalo\u017een\u00e9 camemberty (byly t\u0159i&#8230;), coby kompenzace za to tr\u00e1pen\u00ed b\u011bhem dovolen\u00e9 v&nbsp;\u010cech\u00e1ch, kdy jsem m\u011bla stra\u0161nou chu\u0165 na nakl\u00e1dan\u00fd hermel\u00edn a nemohla si d\u00e1t. Doma to m\u011bs\u00edc p\u0159e\u017eila vod\u011bnka a s&nbsp;pomoc\u00ed venkovn\u00edho zavla\u017eov\u00e1n\u00ed na zahrad\u011b jedna z&nbsp;dvou orchidej\u00ed plus dal\u0161\u00ed pokojov\u00e1 &hellip; <\/p>\n<p class=\"link-more\"><a href=\"https:\/\/www.monikavizraeli.com\/index.php\/2018\/08\/21\/po-tydnu-doma\/\" class=\"more-link\">Pokra\u010dovat ve \u010dten\u00ed<span class=\"screen-reader-text\"> &#8222;Po t\u00fddnu doma&#8220;<\/span><\/a><\/p>\n","protected":false},"author":1,"featured_media":0,"comment_status":"open","ping_status":"open","sticky":false,"template":"","format":"standard","meta":{"_monsterinsights_skip_tracking":false,"_monsterinsights_sitenote_active":false,"_monsterinsights_sitenote_note":"","_monsterinsights_sitenote_category":0,"ngg_post_thumbnail":0,"footnotes":""},"categories":[4,13],"tags":[],"class_list":["post-899","post","type-post","status-publish","format-standard","hentry","category-blog","category-z-bezneho-zivota"],"_links":{"self":[{"href":"https:\/\/www.monikavizraeli.com\/index.php\/wp-json\/wp\/v2\/posts\/899","targetHints":{"allow":["GET"]}}],"collection":[{"href":"https:\/\/www.monikavizraeli.com\/index.php\/wp-json\/wp\/v2\/posts"}],"about":[{"href":"https:\/\/www.monikavizraeli.com\/index.php\/wp-json\/wp\/v2\/types\/post"}],"author":[{"embeddable":true,"href":"https:\/\/www.monikavizraeli.com\/index.php\/wp-json\/wp\/v2\/users\/1"}],"replies":[{"embeddable":true,"href":"https:\/\/www.monikavizraeli.com\/index.php\/wp-json\/wp\/v2\/comments?post=899"}],"version-history":[{"count":2,"href":"https:\/\/www.monikavizraeli.com\/index.php\/wp-json\/wp\/v2\/posts\/899\/revisions"}],"predecessor-version":[{"id":3213,"href":"https:\/\/www.monikavizraeli.com\/index.php\/wp-json\/wp\/v2\/posts\/899\/revisions\/3213"}],"wp:attachment":[{"href":"https:\/\/www.monikavizraeli.com\/index.php\/wp-json\/wp\/v2\/media?parent=899"}],"wp:term":[{"taxonomy":"category","embeddable":true,"href":"https:\/\/www.monikavizraeli.com\/index.php\/wp-json\/wp\/v2\/categories?post=899"},{"taxonomy":"post_tag","embeddable":true,"href":"https:\/\/www.monikavizraeli.com\/index.php\/wp-json\/wp\/v2\/tags?post=899"}],"curies":[{"name":"wp","href":"https:\/\/api.w.org\/{rel}","templated":true}]}}