{"id":819,"date":"2018-06-23T19:44:55","date_gmt":"2018-06-23T19:44:55","guid":{"rendered":"http:\/\/www.monikavizraeli.com\/?p=819"},"modified":"2018-06-23T19:54:11","modified_gmt":"2018-06-23T19:54:11","slug":"cervnove-sabaty-zahrada-a-male-pokroky","status":"publish","type":"post","link":"https:\/\/www.monikavizraeli.com\/index.php\/2018\/06\/23\/cervnove-sabaty-zahrada-a-male-pokroky\/","title":{"rendered":"\u010cervnov\u00e9 \u0161abaty &#8211; mal\u00e9 pokroky a pohodi\u010dka na zahrad\u011b"},"content":{"rendered":"<p><span style=\"font-size: medium;\">V dodr\u017eov\u00e1n\u00ed \u0161abat\u016f samoz\u0159ejm\u011b d\u00e1l pokra\u010dujeme. Druh\u00fd \u010dervnov\u00fd byl hodn\u011b divok\u00fd, proto\u017ee jsme v&nbsp;p\u00e1tek ve\u010der slavili tch\u00fdn\u011b narozeniny. Krom\u011b n\u00ed a Giyorov\u00fdch velk\u00fdch kluk\u016f dorazil \u0161vagr s&nbsp;rodinou. Abychom o to vesel\u00ed nep\u0159ipravili d\u011bti, p\u0159ichystali jsme v\u0161echno j\u00eddlo u\u017e ve \u010dtvrtek v&nbsp;noci, abychom v&nbsp;p\u00e1tek po n\u00e1vratu Daniela ze \u0161kolky mohli rovnou vyrazit na v\u00fdlet. Tim jsme ml\u00e1\u010fat\u016fm zajistili poledn\u00ed sp\u00e1nek a na ve\u010dern\u00ed oslavu byli \u010dil\u00ed. Daniel vydr\u017eel do p\u016fl des\u00e1t\u00e9 a pak i v&nbsp;tom p\u0159\u00ed\u0161ern\u00fdm hluku odpadl na sv\u00fdm minigau\u010d\u00edku, Nevo n\u00e1m je\u0161t\u011b po odjezdu host\u016f pom\u00e1hal pokl\u00edzet a do postele se odebral a\u017e v&nbsp;p\u016fl dvan\u00e1ct\u00e9 s&nbsp;Giyorou. <\/span><\/p>\n<p><span style=\"font-size: medium;\">Po\u0159\u00eddili jsme na zahradu o n\u011bco seri\u00f3zn\u011bj\u0161\u00ed baz\u00e9nek, proto\u017ee ta kalu\u017e vody plastov\u00e9m troj\u00faheln\u00edku o metru \u010dtvere\u010dn\u00edm u\u017e opravdu pro chlapce byla m\u00e1lo. Te\u010f maj\u00ed na cacht\u00e1n\u00ed lehce p\u0159es kub\u00edk vody a bav\u00ed je to tak, \u017ee se u toho zat\u00edm ani neperou. Nav\u00edc je baz\u00e9n polo\u017een\u00fd \u0161ikovn\u011b tak, \u017ee minim\u00e1ln\u011b \u010d\u00e1st je cel\u00fd den ve st\u00ednu. A p\u016flmetrov\u00e1 hloubka je dost i pro osv\u011b\u017een\u00ed n\u00e1s dosp\u011bl\u00fdch. M\u016fj ob\u0159\u00ed pupek a stoupaj\u00edc\u00ed venkovn\u00ed teploty m\u011b za\u010d\u00ednaj\u00ed pon\u011bkud omezovat v&nbsp;pohybu (no dob\u0159e, je to po\u0159\u00e1d p\u0159edev\u0161\u00edm lenost), \u010dili mi tyhle zahradov\u00e9 d\u00fdch\u00e1nky nesm\u00edrn\u011b vyhovuj\u00ed. <\/span><\/p>\n<p><span style=\"font-size: medium;\">O minul\u00e9m \u0161abatu jsem se po del\u0161\u00ed pauze vydala s&nbsp;d\u011btmi na dopoledn\u00ed hostinu za Giyorou do synagogy. I kdy\u017e u\u017e d\u00e1vno kluky nevoz\u00edm v&nbsp;ko\u010d\u00e1ru a d\u00e1 se s&nbsp;nima jak\u017e tak\u017e domluvit, kde maj\u00ed \u010dekat, kdy\u017e ut\u00edkaj\u00ed p\u0159ede mnou (po\u0159\u00e1d neum\u00ed chodit, jenom b\u011bhat), byla to pro m\u011b n\u00e1ro\u010dn\u00e1 proch\u00e1zka, kterou si v&nbsp;nejbli\u017e\u0161\u00ed dob\u011b nehodl\u00e1m zopakovat. <\/span><\/p>\n<p><span style=\"font-size: medium;\">Pr\u00e1v\u011b ode\u0161el leto\u0161n\u00ed nejdel\u0161\u00ed \u0161abat a ani tak se n\u00e1m nepoda\u0159ilo obej\u00edt se v&nbsp;p\u00e1tek bez tradi\u010dn\u00edho p\u0159ed\u0161abatov\u00e9ho shonu. Proto\u017ee jsme u\u017e n\u011bjakou dobu m\u011bli dojem, \u017ee se nikam neposouv\u00e1me (ale nijak jsme s&nbsp;t\u00edm nic ned\u011blali), kone\u010dn\u011b jsme se dokopali aspo\u0148 k&nbsp;mal\u00fdm kr\u016f\u010dk\u016fm. Vybalili jsme po t\u0159ech m\u011bs\u00edc\u00edch z&nbsp;krabice zastr\u010den\u00e9 v&nbsp;security m\u00edstnosti speci\u00e1ln\u00ed ob\u0159\u00ed termosku na horkou vodu (mei cham), abychom p\u0159estali p\u00edpat na\u0161\u00ed standardn\u00ed oh\u0159\u00edvac\u00ed a chlad\u00edc\u00ed ma\u0161inkou a zas o n\u011bco omezili n\u00e1\u0161 \u0161abatov\u00fd kontakt s&nbsp;elekt\u0159inou. Termoska n\u00e1m tu jemn\u011b sy\u010dela cel\u00fdch 25 hodin a horkou vodu jsme \u00fasp\u011b\u0161n\u011b to\u010dili jen z&nbsp;n\u00ed. Studenou jsme si zapomn\u011bli p\u0159ipravit do lahv\u00ed do lednice, ale z&nbsp;kohoutku a dopln\u011bn\u00e1 ledem se taky dala p\u00edt. Dal\u0161\u00ed novinkou byl natrhanej toaletn\u00ed pap\u00edr. Ten se o \u0161abatu nesm\u00ed trhat, ale dote\u010f jsme to n\u011bjak ne\u0159e\u0161ili. Ani nev\u00edm, co m\u011b to napadlo, ale n\u011bjak jsem m\u011bla prostoj, kdy\u017e jsem koupala Neva a trhat toale\u0165\u00e1k na kousky byla vlastn\u011b fajn relaxace. Drobnosti, ale eliminovali jsme t\u00edm n\u011bkolikan\u00e1sobn\u00e9 pravideln\u00e9 poru\u0161ov\u00e1n\u00ed \u0161abatov\u00fdch p\u0159ik\u00e1z\u00e1n\u00ed. A byl z&nbsp;toho nakonec p\u0159ekvapiv\u011b i dobrej pocit.<\/span><\/p>\n<p><span style=\"font-size: medium;\">S Shuvou se posledn\u00ed dobou potk\u00e1v\u00e1me m\u00e9n\u011b \u010dasto, proto\u017ee ke studijn\u00ed ned\u011bli a pond\u011bl\u00ed p\u0159ibyla je\u0161t\u011b st\u0159eda, kdy v&nbsp;synagoze v&nbsp;Tal El od sv\u00e1tku \u0160avuot n\u00e1\u0161 rab\u00edn Noam prezentuje hodinovou lekci z&nbsp;judaismu. Nahradil t\u00edm p\u016fvodn\u011b pouze pro \u017eeny ur\u010den\u00e9 pond\u011blky. St\u0159edy jsou ur\u010den\u00e9 mu\u017e\u016fm i \u017een\u00e1m, tak se s&nbsp;Giyorou ob t\u00fdden st\u0159\u00edd\u00e1me. Jak se s&nbsp;Shuvou nezvl\u00e1dneme domluvit na \u00fater\u00fd, u\u017e to nest\u00edh\u00e1me, proto\u017ee st\u0159eda je obsazen\u00e1 a \u010dtvrte\u010dn\u00ed ve\u010der se obvykle chyst\u00e1me na \u0161abat. Nav\u00edc je to te\u010f v&nbsp;obou rodin\u00e1ch sam\u00e9 narozeniny. Ale zas o to v\u00edc \u010dtu, \u010dili celkov\u011b se ned\u00e1 \u0159\u00edct, \u017ee bych ve studiu polevila, sp\u00ed\u0161 naopak. P\u0159edstava, \u017ee by se snad cel\u00fd proces m\u011bl bl\u00ed\u017eit ke konci m\u011b a\u017e d\u011bs\u00ed. Stra\u0161n\u011b to let\u00ed a i p\u0159es spoustu nabyt\u00fdch v\u011bdomost\u00ed m\u00e1m po\u0159\u00e1d dojem, \u017ee toho zdaleka nev\u00edm dostatek. Na druhou stranu, v&nbsp;\u0159\u00edjnu n\u00e1m na\u0161e u\u017e n\u011bkolik m\u011bs\u00edc\u016f stabiln\u00ed babysitter vyr\u00e1\u017e\u00ed na osmim\u011bs\u00ed\u010dn\u00ed v\u00fdlet do Asie, tak bychom aspo\u0148 nemuseli hledat n\u00e1hradu. Mno, kdo v\u00ed, jak to s&nbsp;n\u00e1mi d\u00e1l B\u016fh zam\u00fd\u0161l\u00ed, \u017ee jo. N\u011bjak to prost\u011b dopadne :-).<\/span><\/p>\n<p>Fota ilustra\u010dn\u00ed &#8211; o \u0161abatu nefot\u00edm ani ne\u0161kubu citr\u00f3novou verbenu na zahr\u00e1dce. Se nesm\u00ed ;).<\/p>\n<p><img loading=\"lazy\" decoding=\"async\" class=\"alignnone size-medium wp-image-820\" style=\"font-size: 1rem;\" src=\"http:\/\/www.monikavizraeli.com\/wp-content\/uploads\/2018\/06\/DSC_0220-168x300.jpg\" alt=\"\" width=\"168\" height=\"300\" \/><img loading=\"lazy\" decoding=\"async\" class=\"alignnone size-medium wp-image-823\" src=\"http:\/\/www.monikavizraeli.com\/wp-content\/uploads\/2018\/06\/DSC_0185-168x300.jpg\" alt=\"\" width=\"168\" height=\"300\" \/> <img loading=\"lazy\" decoding=\"async\" class=\"alignnone size-medium wp-image-822\" src=\"http:\/\/www.monikavizraeli.com\/wp-content\/uploads\/2018\/06\/DSC_0186-300x169.jpg\" alt=\"\" width=\"300\" height=\"169\" \/> <img loading=\"lazy\" decoding=\"async\" class=\"alignnone size-medium wp-image-821\" src=\"http:\/\/www.monikavizraeli.com\/wp-content\/uploads\/2018\/06\/MOV_0172_Moment-300x169.jpg\" alt=\"\" width=\"300\" height=\"169\" \/><\/p>\n","protected":false},"excerpt":{"rendered":"<p>V dodr\u017eov\u00e1n\u00ed \u0161abat\u016f samoz\u0159ejm\u011b d\u00e1l pokra\u010dujeme. Druh\u00fd \u010dervnov\u00fd byl hodn\u011b divok\u00fd, proto\u017ee jsme v&nbsp;p\u00e1tek ve\u010der slavili tch\u00fdn\u011b narozeniny. Krom\u011b n\u00ed a Giyorov\u00fdch velk\u00fdch kluk\u016f dorazil \u0161vagr s&nbsp;rodinou. Abychom o to vesel\u00ed nep\u0159ipravili d\u011bti, p\u0159ichystali jsme v\u0161echno j\u00eddlo u\u017e ve \u010dtvrtek v&nbsp;noci, abychom v&nbsp;p\u00e1tek po n\u00e1vratu Daniela ze \u0161kolky mohli rovnou vyrazit na v\u00fdlet. Tim jsme &hellip; <\/p>\n<p class=\"link-more\"><a href=\"https:\/\/www.monikavizraeli.com\/index.php\/2018\/06\/23\/cervnove-sabaty-zahrada-a-male-pokroky\/\" class=\"more-link\">Pokra\u010dovat ve \u010dten\u00ed<span class=\"screen-reader-text\"> &#8222;\u010cervnov\u00e9 \u0161abaty &#8211; mal\u00e9 pokroky a pohodi\u010dka na zahrad\u011b&#8220;<\/span><\/a><\/p>\n","protected":false},"author":1,"featured_media":0,"comment_status":"open","ping_status":"open","sticky":false,"template":"","format":"standard","meta":{"_monsterinsights_skip_tracking":false,"_monsterinsights_sitenote_active":false,"_monsterinsights_sitenote_note":"","_monsterinsights_sitenote_category":0,"ngg_post_thumbnail":0,"footnotes":""},"categories":[4,10],"tags":[],"class_list":["post-819","post","type-post","status-publish","format-standard","hentry","category-blog","category-konverze-k-judaismu"],"_links":{"self":[{"href":"https:\/\/www.monikavizraeli.com\/index.php\/wp-json\/wp\/v2\/posts\/819","targetHints":{"allow":["GET"]}}],"collection":[{"href":"https:\/\/www.monikavizraeli.com\/index.php\/wp-json\/wp\/v2\/posts"}],"about":[{"href":"https:\/\/www.monikavizraeli.com\/index.php\/wp-json\/wp\/v2\/types\/post"}],"author":[{"embeddable":true,"href":"https:\/\/www.monikavizraeli.com\/index.php\/wp-json\/wp\/v2\/users\/1"}],"replies":[{"embeddable":true,"href":"https:\/\/www.monikavizraeli.com\/index.php\/wp-json\/wp\/v2\/comments?post=819"}],"version-history":[{"count":2,"href":"https:\/\/www.monikavizraeli.com\/index.php\/wp-json\/wp\/v2\/posts\/819\/revisions"}],"predecessor-version":[{"id":825,"href":"https:\/\/www.monikavizraeli.com\/index.php\/wp-json\/wp\/v2\/posts\/819\/revisions\/825"}],"wp:attachment":[{"href":"https:\/\/www.monikavizraeli.com\/index.php\/wp-json\/wp\/v2\/media?parent=819"}],"wp:term":[{"taxonomy":"category","embeddable":true,"href":"https:\/\/www.monikavizraeli.com\/index.php\/wp-json\/wp\/v2\/categories?post=819"},{"taxonomy":"post_tag","embeddable":true,"href":"https:\/\/www.monikavizraeli.com\/index.php\/wp-json\/wp\/v2\/tags?post=819"}],"curies":[{"name":"wp","href":"https:\/\/api.w.org\/{rel}","templated":true}]}}