{"id":662,"date":"2018-04-18T20:47:44","date_gmt":"2018-04-18T20:47:44","guid":{"rendered":"http:\/\/www.monikavizraeli.com\/?p=662"},"modified":"2023-08-22T19:04:55","modified_gmt":"2023-08-22T19:04:55","slug":"zijeme-dal-spokojene-v-izraeli","status":"publish","type":"post","link":"https:\/\/www.monikavizraeli.com\/index.php\/2018\/04\/18\/zijeme-dal-spokojene-v-izraeli\/","title":{"rendered":"\u017dijeme d\u00e1l &#8211; spokojen\u011b v&nbsp;Izraeli :-)"},"content":{"rendered":"<p>Nev\u00edm jak jsme se sem dostali tak rychle od za\u010d\u00e1tku roku, ale jsme v&nbsp;p\u016flce dubna. Utekly pesachov\u00e9 pr\u00e1zdniny a po smutn\u00e9m Dni holocaustu se pr\u00e1v\u011b bl\u00ed\u017e\u00edme k&nbsp;bujar\u00fdm oslav\u00e1m Dne nez\u00e1vislosti \u2013 Izraeli je letos kulat\u00fdch sedmdes\u00e1t. U\u017e p\u00e1r t\u00fddn\u016f trv\u00e1 to skv\u011bl\u00fd obdob\u00ed roku, kdy nemus\u00edme p\u0159es noc ani topit, ani chladit. I kdy\u017e b\u011bhem dne u\u017e um\u00ed b\u00fdt po\u0159\u00e1dn\u00e9 vedro, na noc teploty klesaj\u00ed a otev\u0159en\u00fdm oknem proud\u00ed do lo\u017enice sv\u011b\u017e\u00ed vzduch. Dny se prodlu\u017euj\u00ed, slun\u00ed\u010dko nab\u00edr\u00e1 na s\u00edle, na zahrad\u011b dozr\u00e1vaj\u00ed moru\u0161e, lokv\u00e1t (\u017elut\u00fd sladk\u00fd plod tvaru hru\u0161ky a velikosti \u0161vestky s&nbsp;t\u0159emi velk\u00fdmi j\u00e1dry \u2013 foto pod \u010dl\u00e1nkem) a dokonce i p\u00e1r plod\u016f maracuji, co si to na\u0161e zdivo\u010del\u00e9 k\u0159ov\u00ed dovolilo vyplodit \u00fapln\u011b mimo sez\u00f3nu. Z\u0159ejm\u011b proto, \u017ee letos se zima v\u016fbec nep\u0159edvedla. Maracuji u\u017e jsme se d\u00e1vno cht\u011bli zbavit, ale kdy\u017e te\u010f vid\u00edm, s&nbsp;jakou chut\u00ed Nevo l\u017ei\u010dkou dlabe oran\u017eov\u00fd aromatick\u00fd vnit\u0159ek fialov\u00e9ho plodu \u2013 dob\u0159e, \u017ee se to zase nestihlo :-).<\/p>\n<p>Ano, po\u0159\u00e1d jsme spolu doma. Za chvilku mu bude dva a p\u016fl, mluv\u00ed v&nbsp;plynul\u00fdch v\u011bt\u00e1ch, doma pom\u00e1h\u00e1, um\u00ed si sem tam i hr\u00e1t s\u00e1m a celkov\u011b je n\u00e1m st\u00e1le fajn. Sice posledn\u00ed t\u00fddny skoro ka\u017ed\u00e9 r\u00e1no \u0161kemr\u00e1 o \u0161kolku, kdy\u017e tam Daniel odj\u00ed\u017ed\u00ed, a i j\u00e1 m\u00e1m \u010dasto dojem, \u017ee bych ho tam moc r\u00e1da poslala, ale budeme si oba do z\u00e1\u0159\u00ed muset po\u010dkat na tu dotovanou st\u00e1tem. Ono to p\u016fjde, jde o n\u011bjak\u00e9 dva m\u011bs\u00edce do letn\u00edch pr\u00e1zdnin, kter\u00e9 nav\u00edc naru\u0161\u00ed sv\u00e1tky a dny volna, kdy budeme doma v\u0161ichni. Bezm\u00e1la t\u0159i tis\u00edce \u0161ekel\u016f na \u0161kolku pro d\u011bti do t\u0159\u00ed let z&nbsp;rodinn\u00e9ho rozpo\u010dtu rozhodn\u011b d\u00e1t nem\u016f\u017eeme. \u017dijeme te\u010f u\u017e z&nbsp;jednoho platu a vzhledem k&nbsp;tomu, \u017ee se mi dost v\u00fdrazn\u011b kulat\u00ed b\u0159icho, del\u0161\u00ed dobu to tak z\u016fstane. Jednak by m\u011b pravd\u011bpodobn\u011b nikde nezam\u011bstnali a kdyby n\u00e1hodou jo, musela bych se nejpozd\u011bji po p\u016fl roce mate\u0159sk\u00e9 hn\u00e1t zp\u00e1tky, abych uk\u00e1zala to spr\u00e1vn\u00e9 nasazen\u00ed \u2013 co\u017e si mysl\u00edm, \u017ee se mi teda nebude cht\u00edt. Mate\u0159skou pl\u00e1nuji ur\u010dit\u011b aspo\u0148 o p\u00e1r m\u011bs\u00edc\u016f del\u0161\u00ed. Nav\u00edc vid\u00edm z\u00e1sadn\u00ed pozitivum v&nbsp;tom, \u017ee Nevo v\u016fbec nemarod\u00ed! Po\u0159\u00e1d m\u00e1m v&nbsp;\u017eiv\u00e9 pam\u011bti ty lo\u0148sk\u00e9 z\u00e1n\u011bty u\u0161\u00ed, \u0161estou nemoc, kterou m\u011bl nech\u00e1pu jak t\u0159ikr\u00e1t, neust\u00e1le zelenou nudli, z\u00e1n\u011bty v&nbsp;o\u010d\u00edch, ekz\u00e9my a kdo v\u00ed, co je\u0161t\u011b, a boj\u00edm se ho do \u0161kolky br\u00e1t i na n\u00e1v\u0161t\u011bvu.<\/p>\n<p>Daniel od za\u010d\u00e1tku b\u0159ezna doch\u00e1z\u00ed p\u00e1tky do \u0161kolky u n\u00e1s v&nbsp;Tal El. Mluv\u00ed u\u017e obstojn\u011b a celkov\u011b nevykazuje \u017e\u00e1dn\u00e9 v\u00fdrazn\u00e9 v\u00fdvojov\u00e9 odchylky, \u010dili zkou\u0161\u00edme p\u0159esun ze vzd\u00e1len\u00e9 speci\u00e1ln\u00ed jazykov\u00e9 \u0161kolky, kam ka\u017ed\u00e9 r\u00e1no mus\u00ed doj\u00ed\u017ed\u011bt, k&nbsp;n\u00e1m do vesnice. Zat\u00edm to jde dob\u0159e, ale byly to d\u00edky mno\u017estv\u00ed pr\u00e1zdnin v\u0161eho v\u0161udy \u010dty\u0159i n\u00e1v\u0161t\u011bvy, kdy se poka\u017ed\u00e9 slavily n\u011b\u010d\u00ed narozeniny. Z&nbsp;toho m\u016f\u017eeme t\u011b\u017eko odhadnout, jestli to dob\u0159e p\u016fjde i d\u00e1l, a tak jsme za\u017e\u00e1dali o mo\u017enost za\u010dlenit ho krom\u011b p\u00e1tku je\u0161t\u011b jeden den. Pochybuji, \u017ee to m\u00edstn\u00ed byrokraci\u00ed stihne proj\u00edt do pr\u00e1zdnin, tak\u017ee proces z\u0159ejm\u011b bude pokra\u010dovat za\u010d\u00e1tkem n\u00e1sleduj\u00edc\u00edho \u0161koln\u00edho roku.<\/p>\n<p>V p\u016flce z\u00e1\u0159\u00ed bychom m\u011bli p\u0159iv\u00edtat nov\u00e9ho \u010dlena Erezovic klanu. Kluk\u016fm p\u0159ibyde dal\u0161\u00ed br\u00e1cha a j\u00e1 se po\u010dtem d\u011bt\u00ed p\u0159ibl\u00ed\u017e\u00edm izraelsk\u00e9mu pr\u016fm\u011bru 3,1 na jednu \u017eenu. Pr\u016fm\u011br na chlapa jsem nena\u0161la, ale Giyora sv\u00fdmi celkem p\u011bti syny ur\u010dit\u011b vy\u010duhuje. Doza\u0159izov\u00e1n\u00ed domu se tedy op\u011bt posouv\u00e1, mam\u00e1d (bezpe\u010dnostn\u00ed m\u00edstnost) je znovu po strop pln\u00fd haramp\u00e1d\u00ed, ze zd\u00ed v&nbsp;n\u011bkter\u00fdch m\u00edstnostech st\u00e1le \u010douhaj\u00ed kabely osazen\u00e9 jen \u017e\u00e1rovkou. Chyb\u00ed pl\u00e1novan\u00e1 s\u00e1drokartonov\u00e1 p\u0159\u00ed\u010dka, n\u011bjak\u00fd ten n\u00e1bytek a upraven\u00e1 zahrada. Stejn\u011b tak chyb\u00ed \u010das na kocoury, co\u017e zvl\u00e1\u0161t\u011b zrzav\u00fd same\u010dek Jerry dost t\u011b\u017ece nese a ka\u017ed\u00fd \u010dlen rodiny jeho prahnut\u00ed po pozornosti u\u017e odnesl slu\u0161n\u00fdm dr\u00e1pancem nebo kousancem. Jo, kocourku, to jsem na tebe zv\u011bdav\u00e1, jak ponese\u0161 p\u0159\u00edtomnost dal\u0161\u00edho chlap\u00edka. A na n\u00e1s ostatn\u011b tak\u00e9&#8230; :-).<\/p>\n<p><img loading=\"lazy\" decoding=\"async\" class=\"alignnone size-medium wp-image-670\" src=\"http:\/\/www.monikavizraeli.com\/wp-content\/uploads\/2018\/04\/DSC_0112-225x300.jpg\" alt=\"\" width=\"225\" height=\"300\" srcset=\"https:\/\/www.monikavizraeli.com\/wp-content\/uploads\/2018\/04\/DSC_0112-225x300.jpg 225w, https:\/\/www.monikavizraeli.com\/wp-content\/uploads\/2018\/04\/DSC_0112-768x1024.jpg 768w\" sizes=\"auto, (max-width: 225px) 100vw, 225px\" \/><\/p>\n<p><img loading=\"lazy\" decoding=\"async\" class=\"alignnone size-medium wp-image-669\" src=\"http:\/\/www.monikavizraeli.com\/wp-content\/uploads\/2018\/04\/DSC_0104-225x300.jpg\" alt=\"\" width=\"225\" height=\"300\" srcset=\"https:\/\/www.monikavizraeli.com\/wp-content\/uploads\/2018\/04\/DSC_0104-225x300.jpg 225w, https:\/\/www.monikavizraeli.com\/wp-content\/uploads\/2018\/04\/DSC_0104-768x1024.jpg 768w\" sizes=\"auto, (max-width: 225px) 100vw, 225px\" \/> &nbsp;<img loading=\"lazy\" decoding=\"async\" class=\"alignnone size-medium wp-image-666\" src=\"http:\/\/www.monikavizraeli.com\/wp-content\/uploads\/2018\/04\/DSC_0198-300x169.jpg\" alt=\"\" width=\"300\" height=\"169\" srcset=\"https:\/\/www.monikavizraeli.com\/wp-content\/uploads\/2018\/04\/DSC_0198-300x169.jpg 300w, https:\/\/www.monikavizraeli.com\/wp-content\/uploads\/2018\/04\/DSC_0198-768x432.jpg 768w, https:\/\/www.monikavizraeli.com\/wp-content\/uploads\/2018\/04\/DSC_0198-1024x576.jpg 1024w\" sizes=\"auto, (max-width: 300px) 100vw, 300px\" \/> <img loading=\"lazy\" decoding=\"async\" class=\"alignnone size-medium wp-image-665\" src=\"http:\/\/www.monikavizraeli.com\/wp-content\/uploads\/2018\/04\/DSC_0195-300x169.jpg\" alt=\"\" width=\"300\" height=\"169\" srcset=\"https:\/\/www.monikavizraeli.com\/wp-content\/uploads\/2018\/04\/DSC_0195-300x169.jpg 300w, https:\/\/www.monikavizraeli.com\/wp-content\/uploads\/2018\/04\/DSC_0195-768x432.jpg 768w, https:\/\/www.monikavizraeli.com\/wp-content\/uploads\/2018\/04\/DSC_0195-1024x576.jpg 1024w\" sizes=\"auto, (max-width: 300px) 100vw, 300px\" \/><\/p>\n<p>&nbsp;<\/p>\n<figure id=\"attachment_667\" aria-describedby=\"caption-attachment-667\" style=\"width: 169px\" class=\"wp-caption alignnone\"><img loading=\"lazy\" decoding=\"async\" class=\"wp-image-667 size-medium\" src=\"http:\/\/www.monikavizraeli.com\/wp-content\/uploads\/2018\/04\/DSC_0188-169x300.jpg\" alt=\"\" width=\"169\" height=\"300\" srcset=\"https:\/\/www.monikavizraeli.com\/wp-content\/uploads\/2018\/04\/DSC_0188-169x300.jpg 169w, https:\/\/www.monikavizraeli.com\/wp-content\/uploads\/2018\/04\/DSC_0188-768x1362.jpg 768w, https:\/\/www.monikavizraeli.com\/wp-content\/uploads\/2018\/04\/DSC_0188-577x1024.jpg 577w, https:\/\/www.monikavizraeli.com\/wp-content\/uploads\/2018\/04\/DSC_0188.jpg 1685w\" sizes=\"auto, (max-width: 169px) 100vw, 169px\" \/><figcaption id=\"caption-attachment-667\" class=\"wp-caption-text\">Lokv\u00e1t<\/figcaption><\/figure>\n<figure id=\"attachment_668\" aria-describedby=\"caption-attachment-668\" style=\"width: 168px\" class=\"wp-caption alignnone\"><img loading=\"lazy\" decoding=\"async\" class=\"wp-image-668 size-medium\" src=\"http:\/\/www.monikavizraeli.com\/wp-content\/uploads\/2018\/04\/DSC_0292-168x300.jpg\" alt=\"\" width=\"168\" height=\"300\" srcset=\"https:\/\/www.monikavizraeli.com\/wp-content\/uploads\/2018\/04\/DSC_0292-168x300.jpg 168w, https:\/\/www.monikavizraeli.com\/wp-content\/uploads\/2018\/04\/DSC_0292-768x1373.jpg 768w, https:\/\/www.monikavizraeli.com\/wp-content\/uploads\/2018\/04\/DSC_0292-573x1024.jpg 573w, https:\/\/www.monikavizraeli.com\/wp-content\/uploads\/2018\/04\/DSC_0292.jpg 1498w\" sizes=\"auto, (max-width: 168px) 100vw, 168px\" \/><figcaption id=\"caption-attachment-668\" class=\"wp-caption-text\">Maracuja<\/figcaption><\/figure>\n<p><img loading=\"lazy\" decoding=\"async\" class=\"alignnone size-medium wp-image-663\" src=\"http:\/\/www.monikavizraeli.com\/wp-content\/uploads\/2018\/04\/DSC_0180-258x300.jpg\" alt=\"\" width=\"258\" height=\"300\" srcset=\"https:\/\/www.monikavizraeli.com\/wp-content\/uploads\/2018\/04\/DSC_0180-258x300.jpg 258w, https:\/\/www.monikavizraeli.com\/wp-content\/uploads\/2018\/04\/DSC_0180-768x894.jpg 768w, https:\/\/www.monikavizraeli.com\/wp-content\/uploads\/2018\/04\/DSC_0180-880x1024.jpg 880w\" sizes=\"auto, (max-width: 258px) 100vw, 258px\" \/><\/p>\n","protected":false},"excerpt":{"rendered":"<p>Nev\u00edm jak jsme se sem dostali tak rychle od za\u010d\u00e1tku roku, ale jsme v&nbsp;p\u016flce dubna. Utekly pesachov\u00e9 pr\u00e1zdniny a po smutn\u00e9m Dni holocaustu se pr\u00e1v\u011b bl\u00ed\u017e\u00edme k&nbsp;bujar\u00fdm oslav\u00e1m Dne nez\u00e1vislosti \u2013 Izraeli je letos kulat\u00fdch sedmdes\u00e1t. U\u017e p\u00e1r t\u00fddn\u016f trv\u00e1 to skv\u011bl\u00fd obdob\u00ed roku, kdy nemus\u00edme p\u0159es noc ani topit, ani chladit. I kdy\u017e b\u011bhem &hellip; <\/p>\n<p class=\"link-more\"><a href=\"https:\/\/www.monikavizraeli.com\/index.php\/2018\/04\/18\/zijeme-dal-spokojene-v-izraeli\/\" class=\"more-link\">Pokra\u010dovat ve \u010dten\u00ed<span class=\"screen-reader-text\"> &#8222;\u017dijeme d\u00e1l &#8211; spokojen\u011b v&nbsp;Izraeli :-)&#8220;<\/span><\/a><\/p>\n","protected":false},"author":1,"featured_media":0,"comment_status":"open","ping_status":"open","sticky":false,"template":"","format":"standard","meta":{"_monsterinsights_skip_tracking":false,"_monsterinsights_sitenote_active":false,"_monsterinsights_sitenote_note":"","_monsterinsights_sitenote_category":0,"ngg_post_thumbnail":0,"footnotes":""},"categories":[4,13],"tags":[],"class_list":["post-662","post","type-post","status-publish","format-standard","hentry","category-blog","category-z-bezneho-zivota"],"_links":{"self":[{"href":"https:\/\/www.monikavizraeli.com\/index.php\/wp-json\/wp\/v2\/posts\/662","targetHints":{"allow":["GET"]}}],"collection":[{"href":"https:\/\/www.monikavizraeli.com\/index.php\/wp-json\/wp\/v2\/posts"}],"about":[{"href":"https:\/\/www.monikavizraeli.com\/index.php\/wp-json\/wp\/v2\/types\/post"}],"author":[{"embeddable":true,"href":"https:\/\/www.monikavizraeli.com\/index.php\/wp-json\/wp\/v2\/users\/1"}],"replies":[{"embeddable":true,"href":"https:\/\/www.monikavizraeli.com\/index.php\/wp-json\/wp\/v2\/comments?post=662"}],"version-history":[{"count":4,"href":"https:\/\/www.monikavizraeli.com\/index.php\/wp-json\/wp\/v2\/posts\/662\/revisions"}],"predecessor-version":[{"id":3199,"href":"https:\/\/www.monikavizraeli.com\/index.php\/wp-json\/wp\/v2\/posts\/662\/revisions\/3199"}],"wp:attachment":[{"href":"https:\/\/www.monikavizraeli.com\/index.php\/wp-json\/wp\/v2\/media?parent=662"}],"wp:term":[{"taxonomy":"category","embeddable":true,"href":"https:\/\/www.monikavizraeli.com\/index.php\/wp-json\/wp\/v2\/categories?post=662"},{"taxonomy":"post_tag","embeddable":true,"href":"https:\/\/www.monikavizraeli.com\/index.php\/wp-json\/wp\/v2\/tags?post=662"}],"curies":[{"name":"wp","href":"https:\/\/api.w.org\/{rel}","templated":true}]}}