{"id":2191,"date":"2020-03-01T22:01:01","date_gmt":"2020-03-01T22:01:01","guid":{"rendered":"http:\/\/www.monikavizraeli.com\/?p=2191"},"modified":"2020-03-01T22:01:16","modified_gmt":"2020-03-01T22:01:16","slug":"brezen-v-izraeli-za-kamna-vlezem-kdybychom-nejaka-meli","status":"publish","type":"post","link":"https:\/\/www.monikavizraeli.com\/index.php\/2020\/03\/01\/brezen-v-izraeli-za-kamna-vlezem-kdybychom-nejaka-meli\/","title":{"rendered":"B\u0159ezen, v&nbsp;Izraeli za kamna vlezem (kdybychom n\u011bjak\u00e1 m\u011bli)"},"content":{"rendered":"\n<p>R\u00e1da bych napsala, \u017ee ta m\u00edrn\u011b otravn\u00e1 zima je u\u017e za n\u00e1mi, ale to by nesm\u011bl m\u00edt junior teplotu a venku zas l\u00edtat blesky. To teda bylo z&nbsp;p\u00e1tku na sobotu, te\u010f u\u017e je dobrej. A dost mo\u017en\u00e1 to bylo z&nbsp;t\u011bch asi 18 chorob, co do n\u011bj p\u0159ed t\u00fddnem zb\u011bsile narvali ze t\u0159\u00ed r\u016fzn\u00fdch vakc\u00edn, kdy\u017e jsem ho kone\u010dn\u011b dotla\u010dila s&nbsp;p\u016flro\u010dn\u00edm zpo\u017ed\u011bn\u00edm na o\u010dkov\u00e1n\u00ed. A \u017ee i p\u0159es ty spr\u0161ky a v\u00edtr ani moc zima nen\u00ed a b\u011bhem \u0161abatu jsem vystr\u010dila z&nbsp;bar\u00e1ku nos i j\u00e1 s&nbsp;mal\u00fdm, co\u017e je co \u0159\u00edct, proto\u017ee to se v&nbsp;posledn\u00edch m\u011bs\u00edc\u00edch st\u00e1v\u00e1 jen v\u00fdjime\u010dn\u011b. Tak t\u0159eba se to pr\u00e1v\u011b bl\u00fdskalo na lep\u0161\u00ed \u010dasy ;).<\/p>\n\n\n\n<p>Pozitivn\u00ed je tak\u00e9 p\u0159\u00edslib dlouhodob\u011bj\u0161\u00ed p\u0159\u00edtomnosti man\u017eela, co se ve \u010dtvrtek ve\u010der vr\u00e1til z&nbsp;posledn\u00edho n\u00e1ro\u010dn\u00e9ho v\u00fdletu (ty n\u00e1sleduj\u00edc\u00ed u\u017e pr\u00fd budou m\u00e9n\u011b n\u00e1ro\u010dn\u00e9) a to sice unaven\u00fd, ale jinak fit. To douf\u00e1m zvedne frekvenci m\u00e9ho psan\u00ed, proto\u017ee kdy\u017e jsem na ty t\u0159i prcky sama, co\u017e se tenhle \u0161koln\u00ed rok d\u011bje n\u011bjak zatracen\u011b \u010dasto, netrouf\u00e1m si za\u010d\u00edt nic plodit ani pokud se mi poda\u0159\u00ed d\u00e1t d\u016fm do snesiteln\u00e9ho stavu v&nbsp;jak\u017e tak\u017e rozumnou dobu.<\/p>\n\n\n\n<p>Alespo\u0148, \u017ee to \u010dten\u00ed d\u00e1l docela jde. Denn\u011b minim\u00e1ln\u011b str\u00e1nku z&nbsp;T\u00f3ry, r\u016fzn\u011b velkou \u010d\u00e1st modlitby na dobrou noc (cel\u00e1 je na m\u011b st\u00e1le p\u0159\u00edli\u0161 dlouh\u00e1, to obvykle ned\u00e1v\u00e1m) a na z\u00e1v\u011br sah\u00e1m po ebooku s&nbsp;\u010detbou v&nbsp;rodn\u00e9m jazyce. Ve zhasnut\u00e9 m\u00edstnosti, za spokojen\u00e9ho oddechov\u00e1n\u00ed t\u0159\u00ed and\u00edlk\u016f (ano, po\u0159\u00e1d jsme je nevypakovali z&nbsp;lo\u017enice), se m\u016fj mal\u00fd jemn\u011b z\u00e1\u0159\u00edc\u00ed Kindl t\u011b\u0161\u00ed vyu\u017eit\u00ed, jak\u00e9ho se mu roky nedost\u00e1valo. Stanoven\u00fd limit deseti minut sice \u010dasto p\u0159ekro\u010d\u00edm, ale zat\u00edm se to na mn\u011b nijak v\u00fdznamn\u011b nepodepsalo. Aspo\u0148 mysl\u00edm.  <\/p>\n\n\n\n<p>P\u0159ekvapivou novinkou leto\u0161n\u00ed zimy je dal\u0161\u00ed n\u00e1r\u016fst mno\u017estv\u00ed \u0161pinav\u00e9ho pr\u00e1dla. M\u016f\u017ee za to p\u0159edev\u0161\u00edm juniorova vzp\u0159\u00edmen\u00e1 poloha a r\u00fdmi\u010dky. Zat\u00edmco p\u0159ed rokem si nos mohl ot\u0159\u00edt maxim\u00e1ln\u011b do podlo\u017eky na zemi, te\u010f se m\u016f\u017ee v&nbsp;jak\u00e9mkoliv okam\u017eiku bleskov\u011b p\u0159ibl\u00ed\u017eit a zad\u011blat mi nudl\u00ed svr\u0161ky, co\u017e tak\u00e9 bezosty\u0161n\u011b a frekventovan\u011b d\u011bl\u00e1.<\/p>\n\n\n\n<p>Eitan u\u017e odpoledne nesp\u00ed, sv\u016fj \u0161lof\u00ed\u010dek si odbyde p\u0159ed t\u00edm, ne\u017e vyzved\u00e1v\u00e1me br\u00e1chy ze \u0161kolky. To v&nbsp;praxi znamen\u00e1, \u017ee nem\u00e1m na hran\u00ed se star\u0161\u00edmi v\u016fbec \u010das, proto\u017ee Eitan si vyb\u00edr\u00e1 sto dvacet procent m\u00e9 pozornosti. Koloto\u010d p\u0159ebalov\u00e1n\u00ed, p\u0159evl\u00e9k\u00e1n\u00ed, krmen\u00ed a ukl\u00edzen\u00ed provozn\u00edho bordelu mi nov\u011b zpest\u0159uje t\u00edm, \u017ee za\u010d\u00edn\u00e1 l\u00e9zt do v\u00fd\u0161ek a pou\u0161t\u011bt spot\u0159ebi\u010de. Na Danielovi s&nbsp;Nevem se situace nep\u0159\u00edzniv\u011b projevuje. Nebo mo\u017en\u00e1 douf\u00e1m, \u017ee pr\u00e1v\u011b to je p\u0159\u00ed\u010dina \u010dast\u00fdch a intenzivn\u00edch h\u00e1dek, rva\u010dek, strkanic a tak, a \u017ee se to zlep\u0161\u00ed, a\u017e zas budeme m\u00edt mo\u017enost tr\u00e1vit aspo\u0148 trochu \u010dasu s&nbsp;ka\u017ed\u00fdm zvl\u00e1\u0161\u0165.  <\/p>\n\n\n\n<p>Proto\u017ee se proti v\u0161em p\u0159edpoklad\u016fm z&nbsp;toho bl\u00e1zince st\u00e1le nehrout\u00edm, rozhodli jsme se m\u016fj pobyt doma prodlou\u017eit o dal\u0161\u00ed rok. Neva jsme zapsali do \u0161kolky v&nbsp;Tal El. Daniel\u016fv z\u00e1pis je v&nbsp;procesu, p\u016fjde do prvn\u00ed t\u0159\u00eddy \u2013 t\u00e9\u017e s&nbsp;d\u011btmi s&nbsp;Tal El. Pro m\u011b s&nbsp;Eitanem to znamen\u00e1 v\u00fdznamn\u00e9 zkr\u00e1cen\u00ed doby cestov\u00e1n\u00ed do \u0161kolky a zp\u011bt. Vzd\u00e1lenost dojezdu jen o \u0161est kil\u00e1k\u016f krat\u0161\u00ed v&nbsp;ka\u017ed\u00e9m sm\u011bru, ale tak\u00e9 o t\u0159i sv\u011bteln\u00e9 k\u0159i\u017eovatky. Proto\u017ee uvnit\u0159 na\u0161\u00ed vesni\u010dky opravdu nehroz\u00ed \u017e\u00e1dn\u00e9 z\u00e1cpy, u\u0161et\u0159\u00edme si dlouh\u00e9 minuty pomal\u00e9ho popoj\u00ed\u017ed\u011bn\u00ed.<\/p>\n\n\n\n<p>Kr\u00e1tk\u00e9 okam\u017eiky u po\u010d\u00edta\u010de tr\u00e1v\u00edm prohl\u00ed\u017een\u00edm nab\u00eddek nemovitost\u00ed k&nbsp;prodeji. Situace odpov\u00edd\u00e1 man\u017eelov\u011b popisu, \u017ee \u201ekoupit v&nbsp;t\u00e9hle zemi dobr\u00fd pozemek je prakticky nemo\u017en\u00e9\u201c. Nic nenasv\u011bd\u010duje tomu, \u017ee by n\u00e1\u0161 velkolep\u00fd pl\u00e1n mohl vyj\u00edt. Ale tak je\u0161t\u011b jsme to nevzdali, \u017ee. Ono to prost\u011b bude, tak jak to b\u00fdt m\u00e1.  <\/p>\n\n\n\n<p>M\u00edstn\u00ed zima si u m\u011b sice d\u00e1l dr\u017e\u00ed negativn\u00ed p\u0159\u00edvlastek, proto\u017ee j\u00e1 na rozd\u00edl od m\u00edstn\u00edch nem\u00e1m r\u00e1da, kdy\u017e mi je chladno, ale svoje kouzlo samoz\u0159ejm\u011b m\u00e1. Obvykle such\u00e9 \u0159eky a potoky se napln\u00ed vodou, louky a lesy zdob\u00ed koberce barevn\u00fdch kv\u011bt\u016f a jak na to vykoukne slun\u00ed\u010dko, je to dechberouc\u00ed pod\u00edvan\u00e1. M\u016fj t\u00e9m\u011b\u0159 permanentn\u00ed pocit vd\u011b\u010dnosti v&nbsp;takov\u00fdch dnech nar\u016fst\u00e1 tak, \u017ee se skoro vzn\u00e1\u0161\u00edm :-). Ale u\u017e\u00edv\u00e1m si i ty ostatn\u00ed dny, \u00fapln\u011b oby\u010dejn\u00e9, pln\u00e9 pr\u00e1dla, rozsypan\u00fdch kosti\u010dek lega, p\u00edsku z&nbsp;bot, vody vyc\u00e1kan\u00e9 z&nbsp;vany a hlavn\u011b l\u00e1sky. D\u00edky Bohu za to v\u0161echno, za tu jistotu, \u017ee na sv\u011bt\u011b nejsem zbyte\u010dn\u011b, i kdy\u017e zrovna nejsem nositelem Nobelovy ceny, nem\u011bn\u00edm historii a nep\u0159isp\u00edv\u00e1m v\u016fbec ni\u010d\u00edm z\u00e1sadn\u00edm. P\u0159eji v\u0161em, a\u0165 je v\u00e1m kr\u00e1sn\u011b na sv\u011bt\u011b :-). <\/p>\n\n\n\n[Not a valid template]\n\n\n\n<p>\n.\n\n<\/p>\n","protected":false},"excerpt":{"rendered":"<p>R\u00e1da bych napsala, \u017ee ta m\u00edrn\u011b otravn\u00e1 zima je u\u017e za n\u00e1mi, ale to by nesm\u011bl m\u00edt junior teplotu a venku zas l\u00edtat blesky. To teda bylo z&nbsp;p\u00e1tku na sobotu, te\u010f u\u017e je dobrej. A dost mo\u017en\u00e1 to bylo z&nbsp;t\u011bch asi 18 chorob, co do n\u011bj p\u0159ed t\u00fddnem zb\u011bsile narvali ze t\u0159\u00ed r\u016fzn\u00fdch vakc\u00edn, kdy\u017e &hellip; <\/p>\n<p class=\"link-more\"><a href=\"https:\/\/www.monikavizraeli.com\/index.php\/2020\/03\/01\/brezen-v-izraeli-za-kamna-vlezem-kdybychom-nejaka-meli\/\" class=\"more-link\">Pokra\u010dovat ve \u010dten\u00ed<span class=\"screen-reader-text\"> &#8222;B\u0159ezen, v&nbsp;Izraeli za kamna vlezem (kdybychom n\u011bjak\u00e1 m\u011bli)&#8220;<\/span><\/a><\/p>\n","protected":false},"author":1,"featured_media":0,"comment_status":"open","ping_status":"open","sticky":false,"template":"","format":"standard","meta":{"_monsterinsights_skip_tracking":false,"_monsterinsights_sitenote_active":false,"_monsterinsights_sitenote_note":"","_monsterinsights_sitenote_category":0,"ngg_post_thumbnail":0,"footnotes":""},"categories":[4,13],"tags":[],"class_list":["post-2191","post","type-post","status-publish","format-standard","hentry","category-blog","category-z-bezneho-zivota"],"_links":{"self":[{"href":"https:\/\/www.monikavizraeli.com\/index.php\/wp-json\/wp\/v2\/posts\/2191","targetHints":{"allow":["GET"]}}],"collection":[{"href":"https:\/\/www.monikavizraeli.com\/index.php\/wp-json\/wp\/v2\/posts"}],"about":[{"href":"https:\/\/www.monikavizraeli.com\/index.php\/wp-json\/wp\/v2\/types\/post"}],"author":[{"embeddable":true,"href":"https:\/\/www.monikavizraeli.com\/index.php\/wp-json\/wp\/v2\/users\/1"}],"replies":[{"embeddable":true,"href":"https:\/\/www.monikavizraeli.com\/index.php\/wp-json\/wp\/v2\/comments?post=2191"}],"version-history":[{"count":1,"href":"https:\/\/www.monikavizraeli.com\/index.php\/wp-json\/wp\/v2\/posts\/2191\/revisions"}],"predecessor-version":[{"id":2200,"href":"https:\/\/www.monikavizraeli.com\/index.php\/wp-json\/wp\/v2\/posts\/2191\/revisions\/2200"}],"wp:attachment":[{"href":"https:\/\/www.monikavizraeli.com\/index.php\/wp-json\/wp\/v2\/media?parent=2191"}],"wp:term":[{"taxonomy":"category","embeddable":true,"href":"https:\/\/www.monikavizraeli.com\/index.php\/wp-json\/wp\/v2\/categories?post=2191"},{"taxonomy":"post_tag","embeddable":true,"href":"https:\/\/www.monikavizraeli.com\/index.php\/wp-json\/wp\/v2\/tags?post=2191"}],"curies":[{"name":"wp","href":"https:\/\/api.w.org\/{rel}","templated":true}]}}