{"id":2188,"date":"2020-02-16T20:55:48","date_gmt":"2020-02-16T20:55:48","guid":{"rendered":"http:\/\/www.monikavizraeli.com\/?p=2188"},"modified":"2020-02-16T20:55:48","modified_gmt":"2020-02-16T20:55:48","slug":"pristi-stanice-kabri-budeme-se-stehovat-do-kibucu","status":"publish","type":"post","link":"https:\/\/www.monikavizraeli.com\/index.php\/2020\/02\/16\/pristi-stanice-kabri-budeme-se-stehovat-do-kibucu\/","title":{"rendered":"P\u0159\u00ed\u0161t\u00ed stanice Kabri &#8211; budeme se st\u011bhovat do kibucu?"},"content":{"rendered":"\n<p>\u201eN\u011bjakou jemnou \u010delenku t\u0159eba nem\u00e1\u0161?\u201c zm\u011b\u0159il si man\u017eel v&nbsp;aut\u011b ned\u016fv\u011b\u0159iv\u011b m\u016fj pe\u010dliv\u011b uv\u00e1zan\u00fd velk\u00fd \u0161\u00e1tek.  <\/p>\n\n\n\n<p>\u201eAsi ne.\u201c odpov\u00edd\u00e1m po pravd\u011b, ale hled\u00e1m v&nbsp;b\u00e1glu, proto\u017ee ob\u010das tam jako z\u00e1loha  b\u00fdv\u00e1. \u201eNem\u00e1m\u201c potvrzuji. \u201eM\u00e1m to sundat?\u201c pt\u00e1m se obo\u010d\u00edm zdvihnut\u00fdm v&nbsp;\u00faleku.  <\/p>\n\n\n\n<p>To nejsme na v\u00fdlet\u011b v&nbsp;zahrani\u010d\u00ed,\nale jedeme o p\u00e1r kilometr\u016f d\u00e1l severn\u011b do kibucu Kabri, kde\nGiyora sedm let bydlel a vyhodnotil ho jako top m\u00edsto pro \u017eit\u00ed.\nVychv\u00e1lil ho a\u017e na p\u016fdu a te\u010f tohle.<\/p>\n\n\n\n<p>\u201eMaj\u00ed n\u011bco proti v\u011b\u0159\u00edc\u00edm?\nJestli ano, tak tam d\u011bti rozhodn\u011b vyr\u016fstat nebudou!\u201c pod\u00e1v\u00e1m\njasn\u011b odm\u00edtav\u00e9 stanovisko.<\/p>\n\n\n\n<p>\u201eAle neee, nesundavej. Oni nic proti\nv\u011b\u0159\u00edc\u00edm nemaj\u00ed, jen na n\u011b nejsou zvykl\u00ed.\u201c<\/p>\n\n\n\n<p>\u201eNo tak si zvyknou.\u201c uzav\u00edr\u00e1m s\n\u00fa\u0161klebkem. Man\u017eel, s\u00e1m s&nbsp;jarmulkou na hlav\u011b, se sm\u011bje. \u201eAle\njo, a\u0165 si zvyknou. Jen se mo\u017en\u00e1&#8230; no&#8230; leknou. Uvid\u00edme.\u201c<\/p>\n\n\n\n<p>Nelekli se. A kupodivu bychom tam nebyli sami v\u011b\u0159\u00edc\u00ed. Kabri p\u016fsob\u00ed opravdu jako prima adresa. Z\u00e1kladka a st\u0159edn\u00ed \u0161kola pov\u011bstn\u00e9 kvality p\u0159\u00edmo v&nbsp;m\u00edst\u011b bydli\u0161t\u011b \u2013 to je ve vesni\u010dk\u00e1ch na severu Izraele nadstandard samo o sob\u011b. Do Nahariye, kde mu\u017e pracuje, sotva 10 minut cesty. Podobn\u00e1 nadmo\u0159sk\u00e1 v\u00fd\u0161ka jako Tal El nab\u00edz\u00ed rozhled do p\u016fvabn\u00e9 krajiny Doln\u00ed Galileje. I tady by se z\u00e1pady slunce fotily jedna radost. <\/p>\n\n\n\n<p>Giyora m\u011b upozor\u0148oval dop\u0159edu, \u017ee \u201ekoupit v&nbsp;t\u00e9hle zemi pozemek nen\u00ed v\u016fbec \u017e\u00e1dn\u00e1 legrace\u201c. Je to tak, zvl\u00e1\u0161\u0165 kibucy s&nbsp;dobr\u00fdm jm\u00e9nem si sv\u00e9 obyvatele extr\u00e9mn\u011b pe\u010dliv\u011b hl\u00eddaj\u00ed. Kdy\u017e u\u017e se otev\u0159e kus p\u016fdy pro stavby, obvykle se prod\u00e1v\u00e1 jen potomk\u016fm usazen\u00fdch rodin. Pak p\u0159ijdou na \u0159adu lid\u00e9, co si bydlen\u00ed dlouhodob\u011b pronaj\u00edmaj\u00ed a komunit\u011b se zamlouvaj\u00ed. Giyora u\u017e jednou nab\u00eddku dostal, ale jak na potvoru p\u0159esn\u011b ve chv\u00edli, kdy se mu kone\u010dn\u011b povedlo z\u00edskat pozemek v&nbsp;Tal El bl\u00edzko d\u011bt\u00ed z&nbsp;prvn\u00edho man\u017eelstv\u00ed. Je to tedy asi 10 let zp\u00e1tky, co ji musel odm\u00edtnout, ale v\u011b\u0159\u00ed, \u017ee by se mohlo po\u0161t\u011bstit i podruh\u00e9. Jeho velkorys\u00fd pl\u00e1n zn\u00ed naj\u00edt si v&nbsp;Kabri podn\u00e1jem, pronajmout n\u00e1\u0161 d\u016fm v&nbsp;Tal El, co\u017e by n\u00e1m m\u011bs\u00ed\u010dn\u00ed platby s&nbsp;p\u0159ehledem m\u011blo pokr\u00fdt, a doufat, \u017ee n\u00e1s komunita p\u0159ijme a \u017ee dostaneme mo\u017enost tam vystav\u011bt n\u00e1\u0161 dal\u0161\u00ed d\u016fm. J\u00e1 se sice ob\u00e1v\u00e1m, \u017ee to neklapne, ale kdybychom t\u00edm nem\u011bli nic ztratit, nechala bych se na pokus p\u0159esv\u011bd\u010dit.  <\/p>\n\n\n\n<p>Nab\u00edzen\u00fd byt se nach\u00e1zel v&nbsp;prvn\u00edm\npodla\u017e\u00ed postar\u0161\u00edho domu o \u010dty\u0159ech bytov\u00fdch jednotk\u00e1ch.\nSousedi naproti, sousedi pod n\u00edm. Byl po \u010d\u00e1ste\u010dn\u00e9 rekonstrukci a\nkrom\u011b prostorn\u00e9ho ob\u00fdv\u00e1ku s&nbsp;nep\u011bknou kuchyn\u00ed m\u011bl dva mal\u00e9\npokoj\u00ed\u010dky,  bezpe\u010dnostn\u00ed m\u00edstnost, co by \u0161la vyu\u017e\u00edt jako\nt\u0159et\u00ed pokoj, pidi koupelnu se sprchov\u00fdm koutem a balkon \u2013 velk\u00fd\nbalkon s&nbsp;uchvacuj\u00edc\u00edcm v\u00fdhledem, jednozna\u010dn\u011b t\u00edm nejlep\u0161\u00edm z\ncel\u00e9ho kibucu, co d\u00e1val okam\u017eit\u011b zapomenout na v\u0161echny\nvyjmenovan\u00e9 nedostatky. Giyora se vybavoval se synovcem majitele na\nbalkon\u011b, Eitan rejdil po pr\u00e1zdn\u00fdch m\u00edstnostech a kontroloval, kde\nm\u016f\u017ee rozsv\u00edtit, zat\u00edmco j\u00e1 p\u0159em\u00fd\u0161lela, jak by se n\u00e1s p\u011bt\nr\u00e1no vyst\u0159\u00eddalo v&nbsp;t\u00e9 pr\u0165av\u00e9 koupeln\u011b. \n<\/p>\n\n\n\n<p>Strkanice kluk\u016f v&nbsp;p\u0159edstav\u00e1ch ned\u011bsily jen m\u011b, ale zjevn\u011b i majitele, se kter\u00fdm jsme se po n\u00e1v\u0161t\u011bv\u011b telefonicky spojili. Kdy\u017e mu Giyora ozn\u00e1mil, v&nbsp;jak\u00e9m v\u011bku m\u00e1me d\u011bti, okam\u017eit\u011b n\u00e1s poslal do h\u00e1je. Teda ne tak moc ost\u0159e, jen p\u0159i\u0161el s&nbsp;poh\u00e1dkou, jak bere ohledy na postar\u0161\u00ed p\u00e1r, co je v&nbsp;pron\u00e1jmu ve spodn\u00edm byt\u011b a pot\u0159ebuje klid. To si ale proti\u0159e\u010dil se synovcem, jak ho Giyora p\u0159\u00e1telsky upozornil, \u010dili se n\u00e1s pokusil zbavit astronomicky p\u0159eta\u017eenou cenou n\u00e1jmu. P\u0159izn\u00e1v\u00e1m, \u017ee b\u00fdt perspektivn\u00ed bezd\u011btn\u00fd p\u00e1r pracuj\u00edc\u00ed v&nbsp;hi tech, asi jako jsme byli p\u0159ed osmi lety, nejsp\u00ed\u0161 bychom se domluvili :D.  <\/p>\n\n\n\n<p>Ale tak te\u010f jsme jinde, \u017ee. O t\u0159i d\u011bti v\u00edce a jeden a \u010dtvrt platu m\u00e9n\u011b :-). Prozat\u00edm se tedy nikam nest\u011bhujeme. Ono jako up\u0159\u00edmn\u011b \u2013 nebylo to te\u010f v\u016fbec v&nbsp;pl\u00e1nu, heh. Giyora mi prost\u011b cht\u011bl uk\u00e1zat kibuc, obnovit kontakty, kter\u00e9 tam d\u0159\u00edve m\u011bl, uk\u00e1zat tam n\u00e1s (tu ti\u0161\u0161\u00ed \u010d\u00e1st rodiny, Neva a Daniela jsme odlo\u017eili do \u0161kolek :-)) a zjistit, co se za t\u011bch deset let zm\u011bnilo.  <\/p>\n\n\n\n<p>Byt jsme tedy odm\u00edtli, ale u\u017e m\u00e1me dva dal\u0161\u00ed kontakty na podn\u00e1jem. A\u017e tam pojedeme znovu, tak v\u00e1m tam i n\u011bco vyfot\u00edm. P\u0159ilo\u017een\u00e9 foto jsem si p\u016fj\u010dila z&nbsp;inzer\u00e1tu :-).<\/p>\n\n\n\n<figure class=\"wp-block-image\"><img loading=\"lazy\" decoding=\"async\" width=\"1024\" height=\"769\" src=\"http:\/\/www.monikavizraeli.com\/wp-content\/uploads\/2020\/02\/WhatsApp-Image-2020-02-16-at-21.38.39-1024x769.jpeg\" alt=\"\" class=\"wp-image-2189\" srcset=\"https:\/\/www.monikavizraeli.com\/wp-content\/uploads\/2020\/02\/WhatsApp-Image-2020-02-16-at-21.38.39-1024x769.jpeg 1024w, https:\/\/www.monikavizraeli.com\/wp-content\/uploads\/2020\/02\/WhatsApp-Image-2020-02-16-at-21.38.39-300x225.jpeg 300w, https:\/\/www.monikavizraeli.com\/wp-content\/uploads\/2020\/02\/WhatsApp-Image-2020-02-16-at-21.38.39-768x577.jpeg 768w, https:\/\/www.monikavizraeli.com\/wp-content\/uploads\/2020\/02\/WhatsApp-Image-2020-02-16-at-21.38.39.jpeg 1371w\" sizes=\"auto, (max-width: 767px) 89vw, (max-width: 1000px) 54vw, (max-width: 1071px) 543px, 580px\" \/><\/figure>\n\n\n\n<p><\/p>\n","protected":false},"excerpt":{"rendered":"<p>\u201eN\u011bjakou jemnou \u010delenku t\u0159eba nem\u00e1\u0161?\u201c zm\u011b\u0159il si man\u017eel v&nbsp;aut\u011b ned\u016fv\u011b\u0159iv\u011b m\u016fj pe\u010dliv\u011b uv\u00e1zan\u00fd velk\u00fd \u0161\u00e1tek. \u201eAsi ne.\u201c odpov\u00edd\u00e1m po pravd\u011b, ale hled\u00e1m v&nbsp;b\u00e1glu, proto\u017ee ob\u010das tam jako z\u00e1loha b\u00fdv\u00e1. \u201eNem\u00e1m\u201c potvrzuji. \u201eM\u00e1m to sundat?\u201c pt\u00e1m se obo\u010d\u00edm zdvihnut\u00fdm v&nbsp;\u00faleku. To nejsme na v\u00fdlet\u011b v&nbsp;zahrani\u010d\u00ed, ale jedeme o p\u00e1r kilometr\u016f d\u00e1l severn\u011b do kibucu Kabri, kde &hellip; <\/p>\n<p class=\"link-more\"><a href=\"https:\/\/www.monikavizraeli.com\/index.php\/2020\/02\/16\/pristi-stanice-kabri-budeme-se-stehovat-do-kibucu\/\" class=\"more-link\">Pokra\u010dovat ve \u010dten\u00ed<span class=\"screen-reader-text\"> &#8222;P\u0159\u00ed\u0161t\u00ed stanice Kabri &#8211; budeme se st\u011bhovat do kibucu?&#8220;<\/span><\/a><\/p>\n","protected":false},"author":1,"featured_media":0,"comment_status":"open","ping_status":"open","sticky":false,"template":"","format":"standard","meta":{"_monsterinsights_skip_tracking":false,"_monsterinsights_sitenote_active":false,"_monsterinsights_sitenote_note":"","_monsterinsights_sitenote_category":0,"ngg_post_thumbnail":0,"footnotes":""},"categories":[4,13],"tags":[],"class_list":["post-2188","post","type-post","status-publish","format-standard","hentry","category-blog","category-z-bezneho-zivota"],"_links":{"self":[{"href":"https:\/\/www.monikavizraeli.com\/index.php\/wp-json\/wp\/v2\/posts\/2188","targetHints":{"allow":["GET"]}}],"collection":[{"href":"https:\/\/www.monikavizraeli.com\/index.php\/wp-json\/wp\/v2\/posts"}],"about":[{"href":"https:\/\/www.monikavizraeli.com\/index.php\/wp-json\/wp\/v2\/types\/post"}],"author":[{"embeddable":true,"href":"https:\/\/www.monikavizraeli.com\/index.php\/wp-json\/wp\/v2\/users\/1"}],"replies":[{"embeddable":true,"href":"https:\/\/www.monikavizraeli.com\/index.php\/wp-json\/wp\/v2\/comments?post=2188"}],"version-history":[{"count":1,"href":"https:\/\/www.monikavizraeli.com\/index.php\/wp-json\/wp\/v2\/posts\/2188\/revisions"}],"predecessor-version":[{"id":2190,"href":"https:\/\/www.monikavizraeli.com\/index.php\/wp-json\/wp\/v2\/posts\/2188\/revisions\/2190"}],"wp:attachment":[{"href":"https:\/\/www.monikavizraeli.com\/index.php\/wp-json\/wp\/v2\/media?parent=2188"}],"wp:term":[{"taxonomy":"category","embeddable":true,"href":"https:\/\/www.monikavizraeli.com\/index.php\/wp-json\/wp\/v2\/categories?post=2188"},{"taxonomy":"post_tag","embeddable":true,"href":"https:\/\/www.monikavizraeli.com\/index.php\/wp-json\/wp\/v2\/tags?post=2188"}],"curies":[{"name":"wp","href":"https:\/\/api.w.org\/{rel}","templated":true}]}}