{"id":2156,"date":"2020-01-30T20:55:38","date_gmt":"2020-01-30T20:55:38","guid":{"rendered":"http:\/\/www.monikavizraeli.com\/?p=2156"},"modified":"2020-01-30T20:55:38","modified_gmt":"2020-01-30T20:55:38","slug":"zima-maskovana-za-kvitka-a-divoke-plany-co-zatim-neprozradim-na-pozadi-stereotypu","status":"publish","type":"post","link":"https:\/\/www.monikavizraeli.com\/index.php\/2020\/01\/30\/zima-maskovana-za-kvitka-a-divoke-plany-co-zatim-neprozradim-na-pozadi-stereotypu\/","title":{"rendered":"Zima maskovan\u00e1 za kv\u00edtka a divok\u00e9 pl\u00e1ny (co zat\u00edm neprozrad\u00edm :-)) na pozad\u00ed stereotypu"},"content":{"rendered":"\n<p>Les v&nbsp;Tal El za\u010d\u00edn\u00e1 pomalu\nrozkv\u00e9tat. Narcisy se py\u0161n\u00ed \u017elut\u00fdmi korunkami a nesm\u011ble\nvystrkuj\u00ed b\u00edl\u00e9 a r\u016f\u017eov\u00e9 hlavi\u010dky i brambo\u0159\u00edky. Sasank\u00e1m se\nzat\u00edm nechce. Snad se nelekly traktor\u016f a houf\u016f d\u011bln\u00edk\u016f, co u\u017e\np\u016fl roku rozr\u00fdvaj\u00ed cestu, stav\u00ed kruhov\u00fd objezd, vym\u011b\u0148uj\u00ed\nelektrick\u00e9 sloupy a vodovodn\u00ed trubky. Vesni\u010dka se rozr\u016fst\u00e1 o\ndes\u00edtky nov\u00fdch dom\u016f a tomu se musely p\u0159izp\u016fsobit s\u00edt\u011b a\nkomunikace. \n<\/p>\n\n\n\n<p>Zd\u00e1lo by se, \u017ee u\u017e p\u0159ich\u00e1z\u00ed jaro, ale ne. Proradn\u00e1 zima se za kyti\u010dky jen sprost\u011b maskuje. Po\u0159\u00e1d hodn\u011b pr\u0161\u00ed, slun\u00ed\u010dko se objevuje z\u0159\u00eddka a kdy\u017e, paprsky sotva zvl\u00e1daj\u00ed osu\u0161it silnice. Ka\u017ed\u00e1 proch\u00e1zka by\u0165 jen na zahradu nebo za bar\u00e1k znamen\u00e1 n\u00e1vrat s&nbsp;botami obalen\u00fdmi kily bahna. Eitan by byl bahnem obalen\u00fd cel\u00fd, \u010dili to logicky moc nepokou\u0161\u00edm. Kluci jsou dost doma. Jednak marod\u00ed, i kdy\u017e ne nijak kriticky, jednak vyu\u017e\u00edv\u00e1me, \u017ee ta mo\u017enost je, a kdy\u017e se jim \u00fapln\u011b nechce do \u0161kolky, tak je netla\u010d\u00edm (no netvrd\u00edm, \u017ee pak ob\u010das nelituju :)). V\u016fbec si v&nbsp;t\u00e9 zim\u011b d\u00e1v\u00e1m \u00falevy. T\u00e9m\u011b\u0159 ne\u0159\u00edd\u00edm bud\u00edk \u2013 a\u017e se vzbud\u00edme, tak se vzbud\u00edme. Sice m\u00e1me permanentn\u011b zpo\u017ed\u011bn\u00ed, ale vychovatelky si u\u017e zvykly a nijak to nekomentuj\u00ed. Kluci pro\u0161vihnou rann\u00ed pr\u00e1ce u stolk\u016f a dostav\u00ed se rovnou na setk\u00e1n\u00ed. N\u011bkdy je to mrz\u00ed a druh\u00fd den je snaz\u0161\u00ed je vykopat z&nbsp;bar\u00e1ku v\u010das, aby si n\u011bco stihli vymalovat, ale zas je to rychle p\u0159ejde. Mn\u011b je to fuk, maluj\u00ed si i doma, tak\u017ee co. Nem\u016f\u017eu \u0159\u00edct, \u017ee by ten voln\u011bj\u0161\u00ed re\u017eim m\u011bl jak\u00fdkoliv dopad na chov\u00e1n\u00ed kluk\u016f, a\u0165 u\u017e pozitivn\u00ed nebo negativn\u00ed. Sp\u00ed\u0161 m\u00e1 vliv na m\u011b. U\u010d\u00edm se zvl\u00e1dat vypjat\u00e9 situace s&nbsp;v\u011bt\u0161\u00edm nadhledem a u\u017e m\u011b nestresuje, kdy\u017e v\u00edm, \u017ee na n\u011b budu i n\u011bkolik dn\u00ed po sob\u011b sama. <\/p>\n\n\n\n<p>Jak jste si mo\u017en\u00e1 n\u011bkte\u0159\u00ed v\u0161imli, m\u00e1lo p\u00ed\u0161u. A v\u00fdjime\u010dn\u011b to nen\u00ed t\u00edm, \u017ee by nebyl \u010das.  Ani t\u00edm, \u017ee mi p\u0159es fu\u010d\u00edc\u00ed klimo\u0161ky ve\u010der na kl\u00e1vesnici mrznou prsty. Jenom, prost\u011b, no&#8230; Zv\u00e1\u017eili jsme na\u0161\u00ed budoucnost, sp\u0159edli pl\u00e1ny a pustili se do ur\u010dit\u00fdch krok\u016f, co by snad m\u011bly v\u00e9st k&nbsp;za\u010d\u00e1tku jejich realizace. Aktu\u00e1ln\u011b jsem p\u0159edev\u0161\u00edm j\u00e1 ve v\u00edru \u0159e\u0161en\u00ed. Ono to nen\u00ed \u010dasov\u011b n\u00e1ro\u010dn\u00e9, ale v\u0161echny my\u0161lenky se ub\u00edraj\u00ed jen jedn\u00edm sm\u011brem. A nen\u00ed to nic, co bych cht\u011bla sd\u00edlet, aspo\u0148 ne zat\u00edm. Jakmile sednu k&nbsp;po\u010d\u00edta\u010di, b\u011bhem p\u00e1r minut se sto\u010d\u00edm ke kalkulac\u00edm, hled\u00e1n\u00ed p\u0159\u00edslu\u0161n\u00fdch informac\u00ed, variant a komunikaci s&nbsp;kamar\u00e1dkou, co za m\u011b \u0159e\u0161\u00ed v\u011bci v&nbsp;\u010cech\u00e1ch. A\u017e to pokro\u010d\u00ed a za\u010dne se to vybarvovat jasn\u011bji, p\u016fjdu s&nbsp;barvou ven i na blog, se v\u00ed.<\/p>\n\n\n\n<p>Vypnout dok\u00e1\u017eu jen p\u0159i \u010dten\u00ed. A jsme u toho, \u017ee \u201ev\u0161e se d\u011bje k&nbsp;dobr\u00e9mu\u201c (v&nbsp;hebrej\u0161tin\u011b se to \u0159ekne \u201ehakol le tova\u201c a pou\u017e\u00edv\u00e1 se to tu dnes a denn\u011b). Za posledn\u00ed dva m\u011bs\u00edce jsem p\u0159e\u010detla \u010dty\u0159i a p\u016fl knihy, co\u017e je v\u00edc, ne\u017e za p\u011bt let p\u0159edt\u00edm. V\u011b\u0159\u00edm, \u017ee to bude m\u00edt ve v\u00fdsledku pozitivn\u00ed vliv i na blog, proto\u017ee \u010dtu p\u0159ev\u00e1\u017en\u011b \u010desky :-).<\/p>\n\n\n\n<p>Jinak se u n\u00e1s zat\u00edm nic nezm\u011bnilo. Giyora je st\u00e1le zavalen\u00fd prac\u00ed, j\u00e1 pr\u00e1dlem. Neust\u00e1vaj\u00edc\u00ed d\u00e9\u0161\u0165 n\u00e1m vytvo\u0159il na st\u0159e\u0161e baz\u00e9n, kter\u00fd na t\u0159ech r\u016fzn\u00fdch m\u00edstech prot\u00e9k\u00e1 do ob\u00fdv\u00e1ku. Zahrada d\u00e1l pustne, neudr\u017eovan\u00fd travn\u00ed porost p\u0159ikryla vrstva opadan\u00e9ho list\u00ed. Denn\u011b dozr\u00e1vaj\u00edc\u00ed citrony nest\u00edh\u00e1m zpracov\u00e1vat a to u\u017e m\u00e1me t\u0159i sklenice nalo\u017een\u00fdch pl\u00e1tk\u016f. A p\u0159idala jsem k&nbsp;nim i p\u00e1r plod\u016f \u010d\u00ednsk\u00e9 mandarinky, co se taky nevzd\u00e1v\u00e1.<\/p>\n\n\n\n<p>Cestou do \u0161kolky n\u00e1m hudebn\u00ed doprovod v&nbsp;aut\u011b d\u011blaj\u00ed aktu\u00e1ln\u011b k\u0159ep\u010div\u00e9 skladby k&nbsp;sv\u00e1tku Purim. Nechci se chlubit, ale u\u017e to \u0161vih\u00e1m tak dob\u0159e, jak kdybych tady p\u0159ed\u0161koln\u00ed doch\u00e1zku absolvovala taky. A kluci zas um\u00ed zanotovat \u201eko\u010dka leze d\u00edrou\u201c a tak, proto\u017ee cestou ze \u0161kolky je v\u00fdb\u011br na mn\u011b ;-). Je\u0161t\u011b p\u0159ed Purim bude Tu bi\u0161vat, sv\u00e1tek strom\u016f, ale p\u00edsni\u010dky chlapce nezaujaly, \u010dili jsme lehce nap\u0159ed. Kluk\u016fm slibujeme, \u017ee s&nbsp;Tu bi\u0161vat u\u017e p\u0159ijde jaro. Tak\u017ee jaro, \u0161up sem k&nbsp;n\u00e1m, ne\u017e n\u00e1s dal\u0161\u00ed \u00fa\u010det za elekt\u0159inu kv\u016fli topen\u00ed tot\u00e1ln\u011b zruinuje!<\/p>\n\n\n\n[Not a valid template]\n","protected":false},"excerpt":{"rendered":"<p>Les v&nbsp;Tal El za\u010d\u00edn\u00e1 pomalu rozkv\u00e9tat. Narcisy se py\u0161n\u00ed \u017elut\u00fdmi korunkami a nesm\u011ble vystrkuj\u00ed b\u00edl\u00e9 a r\u016f\u017eov\u00e9 hlavi\u010dky i brambo\u0159\u00edky. Sasank\u00e1m se zat\u00edm nechce. Snad se nelekly traktor\u016f a houf\u016f d\u011bln\u00edk\u016f, co u\u017e p\u016fl roku rozr\u00fdvaj\u00ed cestu, stav\u00ed kruhov\u00fd objezd, vym\u011b\u0148uj\u00ed elektrick\u00e9 sloupy a vodovodn\u00ed trubky. Vesni\u010dka se rozr\u016fst\u00e1 o des\u00edtky nov\u00fdch dom\u016f a tomu &hellip; <\/p>\n<p class=\"link-more\"><a href=\"https:\/\/www.monikavizraeli.com\/index.php\/2020\/01\/30\/zima-maskovana-za-kvitka-a-divoke-plany-co-zatim-neprozradim-na-pozadi-stereotypu\/\" class=\"more-link\">Pokra\u010dovat ve \u010dten\u00ed<span class=\"screen-reader-text\"> &#8222;Zima maskovan\u00e1 za kv\u00edtka a divok\u00e9 pl\u00e1ny (co zat\u00edm neprozrad\u00edm :-)) na pozad\u00ed stereotypu&#8220;<\/span><\/a><\/p>\n","protected":false},"author":1,"featured_media":0,"comment_status":"open","ping_status":"open","sticky":false,"template":"","format":"standard","meta":{"_monsterinsights_skip_tracking":false,"_monsterinsights_sitenote_active":false,"_monsterinsights_sitenote_note":"","_monsterinsights_sitenote_category":0,"ngg_post_thumbnail":0,"footnotes":""},"categories":[4],"tags":[],"class_list":["post-2156","post","type-post","status-publish","format-standard","hentry","category-blog"],"_links":{"self":[{"href":"https:\/\/www.monikavizraeli.com\/index.php\/wp-json\/wp\/v2\/posts\/2156","targetHints":{"allow":["GET"]}}],"collection":[{"href":"https:\/\/www.monikavizraeli.com\/index.php\/wp-json\/wp\/v2\/posts"}],"about":[{"href":"https:\/\/www.monikavizraeli.com\/index.php\/wp-json\/wp\/v2\/types\/post"}],"author":[{"embeddable":true,"href":"https:\/\/www.monikavizraeli.com\/index.php\/wp-json\/wp\/v2\/users\/1"}],"replies":[{"embeddable":true,"href":"https:\/\/www.monikavizraeli.com\/index.php\/wp-json\/wp\/v2\/comments?post=2156"}],"version-history":[{"count":1,"href":"https:\/\/www.monikavizraeli.com\/index.php\/wp-json\/wp\/v2\/posts\/2156\/revisions"}],"predecessor-version":[{"id":2172,"href":"https:\/\/www.monikavizraeli.com\/index.php\/wp-json\/wp\/v2\/posts\/2156\/revisions\/2172"}],"wp:attachment":[{"href":"https:\/\/www.monikavizraeli.com\/index.php\/wp-json\/wp\/v2\/media?parent=2156"}],"wp:term":[{"taxonomy":"category","embeddable":true,"href":"https:\/\/www.monikavizraeli.com\/index.php\/wp-json\/wp\/v2\/categories?post=2156"},{"taxonomy":"post_tag","embeddable":true,"href":"https:\/\/www.monikavizraeli.com\/index.php\/wp-json\/wp\/v2\/tags?post=2156"}],"curies":[{"name":"wp","href":"https:\/\/api.w.org\/{rel}","templated":true}]}}