{"id":2139,"date":"2020-01-12T08:27:29","date_gmt":"2020-01-12T08:27:29","guid":{"rendered":"http:\/\/www.monikavizraeli.com\/?p=2139"},"modified":"2020-01-12T08:27:38","modified_gmt":"2020-01-12T08:27:38","slug":"radosti-zimy-boure-a-viry","status":"publish","type":"post","link":"https:\/\/www.monikavizraeli.com\/index.php\/2020\/01\/12\/radosti-zimy-boure-a-viry\/","title":{"rendered":"Radosti zimy, bou\u0159e a viry&#8230;"},"content":{"rendered":"\n<p>Po bou\u0159liv\u011b de\u0161tiv\u00e9m t\u00fddnu o \u0161abatu na prom\u00e1\u010denou krajinu kone\u010dn\u011b vykouklo h\u0159ejiv\u00e9 slun\u00ed\u010dko. A\u010d obvykle prcky do synagogy netah\u00e1m, proto\u017ee si doma dost vyhraj\u00ed a sna\u017eit se to vypakovat na ur\u010ditou hodinu z&nbsp;bar\u00e1ku je prost\u011b zbyte\u010dn\u00fd n\u00e1sil\u00ed, tentokr\u00e1t jsme \u0161li dokonce dvakr\u00e1t \u2013 na dopoledn\u00ed i ve\u010dern\u00ed posezen\u00ed. Kamar\u00e1dka Shuva se po t\u0159\u00edt\u00fddenn\u00ed odmlce vr\u00e1tila s&nbsp;rodinou do Tal El. Rozrostli se o p\u00e1t\u00e9ho potomka, hol\u010di\u010dku Or.<\/p>\n\n\n\n<p>S t\u011bmi slejv\u00e1ky to tentokr\u00e1t nebylo\njen tak. \u017de se voda \u017eene po silnic\u00edch a kdejak\u00fdm celoro\u010dn\u011b\nvyschl\u00fdm potokem tu zn\u00e1me dob\u0159e, ale \u0159eky vylit\u00e9 z&nbsp;koryt ve\nm\u011bstech, surfa\u0159i v&nbsp;ulic\u00edch Tel Avivu, ru\u0161en\u00ed vyu\u010dov\u00e1n\u00ed a\ndokonce ob\u011bti na \u017eivotech p\u0159i z\u00e1plav\u00e1ch u\u017e je p\u0159i standardn\u00ed\nnep\u0159ipravenosti indikace skute\u010dn\u011b extr\u00e9mn\u00edho po\u010das\u00ed.<\/p>\n\n\n\n<p>Tal El je na kopci a n\u00e1\u0161 d\u016fm v&nbsp;nov\u00e9\nz\u00e1stavb\u011b, kde kanalizace na silnic\u00edch je, \u010dili zde se s&nbsp;vodou moc\nnebojovalo. Pokud teda nepo\u010d\u00edt\u00e1m hadr na podlaze v&nbsp;ob\u00fdv\u00e1ku u\nzdi, kter\u00e1 prosakovala s&nbsp;neobvyklou intenzitou prozrazuj\u00edc\u00ed\nenormn\u011b zv\u00fd\u0161en\u00e9 sr\u00e1\u017eky. A\u017e jsem vyslovila obavy, jestli B\u016fh\nna ten slib o povodni nezapomn\u011bl. A nem\u011bla jsem je sama, Giyora\ndostal do whatsapp skupiny koleg\u016f z&nbsp;pr\u00e1ce zpr\u00e1vu, \u017ee v&nbsp;safari v\nRamat Gan se zv\u00ed\u0159ata za\u010d\u00ednaj\u00ed \u0159adit do dvojic :D. Mno, to jen\ntak pro odleh\u010den\u00ed neb\u00fdvale v\u00e1\u017en\u00e9 situace. \n<\/p>\n\n\n\n<p>Daniela v&nbsp;\u00fater\u00fd ve ve\u010dern\u00edch\nhodin\u00e1ch polo\u017eil protivnej virus. Vysok\u00e1 hore\u010dka, bolest hlavy,\nblouzn\u011bn\u00ed, zvracen\u00ed, nechutenstv\u00ed, prost\u011b fuj. Z&nbsp;v\u011b\u010dn\u011b\nposkakuj\u00edc\u00edho d\u00edt\u011bte byl u\u017emoulanej hadr a my si s&nbsp;Giyorou,\nkter\u00fd byl na\u0161t\u011bst\u00ed s&nbsp;n\u00e1mi celou tu dobu doma, nep\u0159\u00e1li nic\njin\u00e9ho, ne\u017e aby zas za\u010dal provokovat, po\u0161\u0165uchovat, je\u010det a\nd\u011blat \u00fapln\u011b cokoliv z&nbsp;toho, \u010d\u00edm n\u00e1s b\u011b\u017en\u011b dok\u00e1\u017ee vyto\u010dit.\nDouf\u00e1m, \u017ee si ten pocit budu pamatovat, a\u017e na to zas dojde :-).\nKdy\u017e ve \u010dtvrtek ve\u010der kone\u010dn\u011b zas dostal chu\u0165 k&nbsp;j\u00eddlu,\nzatracen\u011b se n\u00e1m ulevilo. \n<\/p>\n\n\n\n<p>Nevo si dal t\u00e9\u017e pohov od \u0161kolky. V\npond\u011bl\u00ed z\u016fstal se mnou a s&nbsp;Eitanem, proto\u017ee pr\u00fd u\u017e s&nbsp;n\u00e1mi\ndlouho nebyl doma. Ve st\u0159edu bylo Giyorovi pohodln\u011bj\u0161\u00ed ho vz\u00edt s\nsebou na sch\u016fzku ne\u017e do \u0161kolky, ve \u010dtvrtek bylo vyu\u010dov\u00e1n\u00ed v\ncel\u00e9 oblasti zru\u0161en\u00e9 a v&nbsp;p\u00e1tek, kdy u\u017e Danielovi bylo dob\u0159e,\njsme se s&nbsp;Nevem kv\u016fli t\u0159em hodin\u00e1m nehodlali dohadovat, \u017ee by se\ntam u\u017e mo\u017en\u00e1 mrknout m\u011bl, a nechali si je zas doma v\u0161echny. Na\nto, \u017ee jsme byli permanentn\u011b zav\u0159en\u00fd doma, Daniel byl vy\u0159\u00edzenej\na nevyven\u010denej Eitan bojkotoval poledn\u00ed span\u00ed, us\u00ednal pozd\u011b\nodpoledne a pak po ve\u010derech stra\u0161il, to bylo celkem v&nbsp;pohod\u011b. Ale\ntak je z\u0159ejm\u00e9, pro\u010d na blog zas nic t\u00fdden nep\u0159ibylo, \u017ee. \n<\/p>\n\n\n\n<p>V\u016fbec by nebylo od v\u011bci, kdyby t\u00edm\nm\u00edstn\u00ed zima skon\u010dila. Krom\u011b astronomick\u00e9ho \u00fa\u010dtu za elekt\u0159inu,\nkter\u00fd za m\u011bs\u00edc leden zcela jist\u011b obdr\u017e\u00edme kv\u016fli zu\u0159iv\u00e9 snaze\no vyt\u00e1p\u011bn\u00ed mizern\u011b zaizolovan\u00e9ho domu (to je v&nbsp;Izraeli bohu\u017eel\nnep\u0159ekvapiv\u00fd stav i u novostaveb), jsme je\u0161t\u011b museli po\u0159\u00eddit\nnov\u00e9 p\u0159edn\u00ed pneumatiky auta. Jak to souvis\u00ed s&nbsp;de\u0161t\u011bm? Celkem\np\u0159\u00edmo&#8230; Pod kalu\u017eemi se t\u011b\u017eko odhaduje tvar i hloubka d\u00edry v\nsilnici. \u010cili jsem vedle ve vesnici na kruh\u00e1\u010di vl\u00edtla do jedn\u00e9\ntak solidn\u00ed, \u017ee jsem za p\u00e1r vte\u0159in jela po r\u00e1fku. Mno, pr\u00fd jsem\nto jen usp\u00ed\u0161ila, proto\u017ee bychom je stejn\u011b museli vym\u011bnit p\u0159i\nn\u00e1sleduj\u00edc\u00edm testu. \n<\/p>\n\n\n\n<p>Na druhou stranu, r\u00e1di bychom s&nbsp;klukama zopakovali sn\u011bhovou zku\u0161enost. Ta prvn\u00ed moc nevy\u0161la. P\u0159ijeli jsme k&nbsp;zasn\u011b\u017een\u00e9mu Hermonu a kdy\u017e jsem vid\u011bla ceny za vstup, prok\u00e1zalo se, \u017ee st\u00e1le nejsem dostate\u010dn\u011b asimilovan\u00e1 Izraelka. Razantn\u011b jsem cel\u00e9 rodin\u011b zatrhla mo\u017enost si za 160 \u0161ekel\u016f postavit sn\u011bhul\u00e1ka. M\u00edsto na Hermon jsme se tak \u0161li proj\u00edt na kope\u010dek pod\u00e9l cesty, kde se povalovaly \u0161pinav\u00e9 polozmrzl\u00e9 zbytky ned\u00e1vn\u00e9 sn\u011bhov\u00e9 nad\u00edlky. Fakt jsme zapomn\u011bla, jak vypad\u00e1 zima. Z&nbsp;chladn\u00e9ho v\u011btru mi okam\u017eit\u011b za\u010dal kapat nos, slzely mi o\u010di a prsty byly prok\u0159ehl\u00e9 jako u\u017e roky ne. Kdybych se nemusela soust\u0159ed\u011bn\u011b vyh\u00fdbat kravsk\u00e9mu trusu, ur\u010dit\u011b bych si v\u0161imla je\u0161t\u011b n\u011b\u010deho. Kluci byli z&nbsp;prvn\u00edho sezn\u00e1men\u00ed se sn\u011bhem rozpa\u010dit\u00ed a \u010d\u00e1ste\u010dn\u011b i zklaman\u00ed, co\u017e se vzhledem ke kvalit\u011b prost\u0159ed\u00ed a sn\u011bhu d\u00e1 pochopit. Zas jsme se d\u00edky tomu aspo\u0148 prvn\u011b pod\u00edvali v&nbsp;zim\u011b do parku Banias. Park protkan\u00fd pot\u016f\u010dky a hromady spadan\u00fdch list\u016f pobl\u00ed\u017e by na\u0161e ml\u00e1\u010fata mohly zam\u011bstnat i na n\u011bkolik dn\u00ed. U\u017eili jsme si s&nbsp;Giyorou pern\u00e9 chvilky obav, kdo kam spadne, trochu pok\u0159ikov\u00e1n\u00ed \u201eneb\u011bhej p\u0159es ten most\u201c a \u201eklou\u017ee to\u201c, ale dob\u0159e to dopadlo. V&nbsp;bahn\u011b se nakonec vyv\u00e1lel jenom Eitan. Moc jsem v\u00e1m cht\u011bla vyfotit ty kamenn\u00e9 piknikov\u00e9 stoly pokryt\u00e9 \u017elut\u00fdmi listy z&nbsp;f\u00edkovn\u00edk\u016f nad nimi, ale d\u011bti p\u0159\u00edli\u0161 rychle uh\u00e1n\u011bly k&nbsp;vod\u011b&#8230; Tak si tam zaje\u010fte rad\u0161i sami, je to tam v&nbsp;tomhle obdob\u00ed ne\u010dekan\u011b p\u011bkn\u00fd\u00a0:-).  <\/p>\n\n\n\n[Not a valid template]\n","protected":false},"excerpt":{"rendered":"<p>Po bou\u0159liv\u011b de\u0161tiv\u00e9m t\u00fddnu o \u0161abatu na prom\u00e1\u010denou krajinu kone\u010dn\u011b vykouklo h\u0159ejiv\u00e9 slun\u00ed\u010dko. A\u010d obvykle prcky do synagogy netah\u00e1m, proto\u017ee si doma dost vyhraj\u00ed a sna\u017eit se to vypakovat na ur\u010ditou hodinu z&nbsp;bar\u00e1ku je prost\u011b zbyte\u010dn\u00fd n\u00e1sil\u00ed, tentokr\u00e1t jsme \u0161li dokonce dvakr\u00e1t \u2013 na dopoledn\u00ed i ve\u010dern\u00ed posezen\u00ed. Kamar\u00e1dka Shuva se po t\u0159\u00edt\u00fddenn\u00ed odmlce vr\u00e1tila &hellip; <\/p>\n<p class=\"link-more\"><a href=\"https:\/\/www.monikavizraeli.com\/index.php\/2020\/01\/12\/radosti-zimy-boure-a-viry\/\" class=\"more-link\">Pokra\u010dovat ve \u010dten\u00ed<span class=\"screen-reader-text\"> &#8222;Radosti zimy, bou\u0159e a viry&#8230;&#8220;<\/span><\/a><\/p>\n","protected":false},"author":1,"featured_media":0,"comment_status":"open","ping_status":"open","sticky":false,"template":"","format":"standard","meta":{"_monsterinsights_skip_tracking":false,"_monsterinsights_sitenote_active":false,"_monsterinsights_sitenote_note":"","_monsterinsights_sitenote_category":0,"ngg_post_thumbnail":0,"footnotes":""},"categories":[4,13],"tags":[],"class_list":["post-2139","post","type-post","status-publish","format-standard","hentry","category-blog","category-z-bezneho-zivota"],"_links":{"self":[{"href":"https:\/\/www.monikavizraeli.com\/index.php\/wp-json\/wp\/v2\/posts\/2139","targetHints":{"allow":["GET"]}}],"collection":[{"href":"https:\/\/www.monikavizraeli.com\/index.php\/wp-json\/wp\/v2\/posts"}],"about":[{"href":"https:\/\/www.monikavizraeli.com\/index.php\/wp-json\/wp\/v2\/types\/post"}],"author":[{"embeddable":true,"href":"https:\/\/www.monikavizraeli.com\/index.php\/wp-json\/wp\/v2\/users\/1"}],"replies":[{"embeddable":true,"href":"https:\/\/www.monikavizraeli.com\/index.php\/wp-json\/wp\/v2\/comments?post=2139"}],"version-history":[{"count":1,"href":"https:\/\/www.monikavizraeli.com\/index.php\/wp-json\/wp\/v2\/posts\/2139\/revisions"}],"predecessor-version":[{"id":2154,"href":"https:\/\/www.monikavizraeli.com\/index.php\/wp-json\/wp\/v2\/posts\/2139\/revisions\/2154"}],"wp:attachment":[{"href":"https:\/\/www.monikavizraeli.com\/index.php\/wp-json\/wp\/v2\/media?parent=2139"}],"wp:term":[{"taxonomy":"category","embeddable":true,"href":"https:\/\/www.monikavizraeli.com\/index.php\/wp-json\/wp\/v2\/categories?post=2139"},{"taxonomy":"post_tag","embeddable":true,"href":"https:\/\/www.monikavizraeli.com\/index.php\/wp-json\/wp\/v2\/tags?post=2139"}],"curies":[{"name":"wp","href":"https:\/\/api.w.org\/{rel}","templated":true}]}}