{"id":2114,"date":"2019-12-28T21:08:03","date_gmt":"2019-12-28T21:08:03","guid":{"rendered":"http:\/\/www.monikavizraeli.com\/?p=2114"},"modified":"2019-12-31T09:25:12","modified_gmt":"2019-12-31T09:25:12","slug":"do-izraele-a-s-detmi-ano-ale-budte-pripraveni","status":"publish","type":"post","link":"https:\/\/www.monikavizraeli.com\/index.php\/2019\/12\/28\/do-izraele-a-s-detmi-ano-ale-budte-pripraveni\/","title":{"rendered":"Do Izraele? A s&nbsp;d\u011btmi? Ano! Ale bu\u010fte p\u0159ipraveni :-)"},"content":{"rendered":"\n<p><\/p>\n\n\n\n<p>Leteck\u00e9 spole\u010dnosti se p\u0159edh\u00e1n\u00ed v&nbsp;nab\u00eddk\u00e1ch levn\u00fdch letenek a Eilat nebo Tel Aviv v&nbsp;nich \u010dasto z\u00e1\u0159\u00ed jako dostupn\u00e9 sv\u00fdm zp\u016fsobem exotick\u00e9 destinace, kde by se i v&nbsp;zimn\u00edch m\u011bs\u00edc\u00edch dalo oh\u0159\u00e1t. Izrael m\u00e1 bezpochyby d\u011btem hodn\u011b co nab\u00eddnout, ale tak\u00e9 m\u00e1 sv\u00e1 specifika, kter\u00e1 stoj\u00ed za zv\u00e1\u017een\u00ed, ne\u017e se sem vyd\u00e1te. Tak pozor. D\u0159\u00edv ne\u017e pod tlakem koup\u00edte letenku za tak super cenu, \u017ee z\u00edtra u\u017e tam ur\u010dit\u011b nebude, \u010dt\u011bte. Nechci v\u00e1s odrazovat, ale nen\u00ed na \u0161kodu b\u00fdt p\u0159ipraven. A\u0165 pak nef\u0148uk\u00e1te, \u017ee m\u00edsto klokan\u016f d\u011bti rad\u0161i mohly krmit labut\u011b na Vltav\u011b a nekaz\u00edte m\u00e9 milovan\u00e9 Izraeli jm\u00e9no :-).<\/p>\n\n\n\n<p>Ubytov\u00e1n\u00ed<\/p>\n\n\n\n<p>P\u0159edev\u0161\u00edm, zkontrolujte prvn\u011b ceny\nubytov\u00e1n\u00ed, mohly by b\u00fdt nad o\u010dek\u00e1v\u00e1n\u00ed vysok\u00e9! Zvl\u00e1\u0161t\u011b v\ndestinac\u00edch, jako je Eilat nebo Mrtv\u00e9 mo\u0159e a o sv\u00e1tc\u00edch, kdy se\nvyr\u00e1\u017e\u00ed dovolenkovat m\u00edstn\u00ed \u2013 to bude i probl\u00e9m s&nbsp;dostupnost\u00ed.\nSlu\u0161n\u00e9 ubytov\u00e1n\u00ed pod 400 \u0161ekel\u016f na noc a rodinu budete hledat \nt\u011b\u017eko. Pod stan na jih jsme s&nbsp;rodinou je\u0161t\u011b necestovali, ale\nn\u011bkdo ur\u010dit\u011b ano, \u010dili bu\u010f se poptejte ve FB skupin\u011b \u201eIzrael\n\u2013 cestujeme bez cestovky\u201c nebo googlete. My zkusili jen tee pee v\nNegevu a i uprost\u0159ed hork\u00e9ho l\u00e9ta jsme v&nbsp;noci mrzli (teplota proti\ndenn\u00ed spadla asi o dvacet stup\u0148\u016f). A bylo to za \u201esolidn\u00edch\u201c\n560 \u0161ekel\u016f za noc.<\/p>\n\n\n\n<p>Airnb nebo couchsurfing tu nen\u00ed zdaleka tak roz\u0161\u00ed\u0159en\u00fd jako v&nbsp;Evrop\u011b. P\u016fj\u010den\u00ed karavanu nebo obytn\u00e9ho vozu si ov\u011b\u0159te s&nbsp;p\u0159edstihem. Izrael je mal\u00e1 zem a p\u0159ejezd do sousedn\u00edch st\u00e1t\u016f je v&nbsp;lep\u0161\u00edm p\u0159\u00edpad\u011b problematick\u00fd (to i na Palestinsk\u00e1 \u00fazem\u00ed), v&nbsp;hor\u0161\u00edm nemo\u017en\u00fd, \u010dili to tu nen\u00ed p\u0159\u00edli\u0161 popul\u00e1rn\u00ed.  <\/p>\n\n\n\n<p>Po\u010das\u00ed \n<\/p>\n\n\n\n<p>V zimn\u00edch m\u011bs\u00edc\u00edch, zvl\u00e1\u0161t\u011b v\nlednu a v&nbsp;\u00fanoru, o\u010dek\u00e1vejte D\u00e9\u0161\u0165. Jo, s&nbsp;velk\u00fdm D, opravdu. Ne\nten, co zn\u00e1te z&nbsp;Evropy, \u017ee si vezmete de\u0161tn\u00edk, nepromokav\u00e9 boty\na jdete. Tady nep\u016fjdete. Mo\u017en\u00e1 ani nepojedete. B\u011bhem t\u00fddenn\u00edho\npobytu zcela ur\u010dit\u011b chytnete n\u011bjak\u00fd slejv\u00e1k a bou\u0159ku. Pr\u016ftr\u017e\nmra\u010den, siln\u00fd vichr, m\u016f\u017eou padat kroupy a na hor\u00e1ch bude sn\u011b\u017eit.\nKdy\u017e budete m\u00edt kliku, tak i v&nbsp;Jeruzal\u00e9mu. Silnice se m\u011bn\u00ed v\npotoky a \u0159eky, odv\u00e1d\u011bn\u00ed vody bu\u010f nen\u00ed \u0159e\u0161en\u00e9 nebo je\nnedostate\u010dn\u00e9. Sn\u00edh je absolutn\u011b paralyzuj\u00edc\u00ed, v\u0161ichni maj\u00ed\nsamoz\u0159ejm\u011b letn\u00ed gumy&#8230;<\/p>\n\n\n\n<p>V Eilatu a n\u011bkde \u00fapln\u011b na jihu pr\u0161et\nnejsp\u00ed\u0161 nebude (foukat jo), ale krom\u011b p\u00edse\u010dn\u00e9 bou\u0159e, co\u017e v\u00e1s\nasi v&nbsp;pou\u0161ti tolik nep\u0159ekvap\u00ed, jsou \u010dast\u00e9 i povodn\u011b. Sta\u010d\u00ed,\nkdy\u017e n\u011bkde za kopcem spadne p\u00e1r kapek a je vymalov\u00e1no. Voda se\nnevsakuje, \u017eene se po povrchu, bere sebou \u0161utry, v\u011btve, pln\u00ed\nkoryta \u0159ek, kter\u00e9 jsou v\u011bt\u0161inu roku vyschl\u00e9. To m\u016f\u017ee b\u00fdt pro\nst\u0159edoevropana velmi zaj\u00edmav\u00fd p\u0159\u00edrodn\u00ed \u00fakaz, ale takov\u00fd z\u00e1sek\np\u0159ed \u00fasekem zatopen\u00e9 silnice na n\u011bkolik hodin s&nbsp;mal\u00fdmi d\u011btmi\nsranda rozhodn\u011b nebude. \n<\/p>\n\n\n\n<p>V l\u00e9t\u011b nepr\u0161\u00ed. Ale p\u0159\u00edpadn\u00e9\ntrajd\u00e1n\u00ed po parc\u00edch nebo pl\u00e1c\u00e1n\u00ed se u mo\u0159e nen\u00ed bez omezen\u00ed.\nMoje d\u011bti p\u0159es l\u00e9to mezi des\u00e1tou r\u00e1no a \u010dtvrtou odpoledne v\u016fbec\nna slun\u00ed\u010dko nechod\u00ed. Ani s&nbsp;\u010depic\u00ed a kr\u00e9mem pades\u00e1tkou. P\u00e1l\u00ed\nto prost\u011b tak moc, a\u017e je to nebezpe\u010dn\u00e9. Baz\u00e9ny ubytovac\u00edch\nkapacit a d\u011btsk\u00e1 h\u0159i\u0161t\u011b b\u00fdvaj\u00ed zast\u00edn\u011bn\u00e9, co\u017e je fajn, ale\nkv\u016fli tomu se sem s&nbsp;d\u011bckem asi nepo\u017eenete.<\/p>\n\n\n\n<p>J\u00eddlo<\/p>\n\n\n\n<p>Pribin\u00e1\u010dka tu nemaj, jogurty a s\u00fdry\njsou drah\u00e9, d\u011btskou \u0161unku s&nbsp;nad osmdes\u00e1tiprocentn\u00edm obsahem masa\nnenajdete. Sympatick\u00e9 jsou ceny zeleniny, ale nev\u00edm, jak ochotn\u011b\nv\u00e1m ji d\u011bcka chroupaj.  Na ulici se naj\u00edte, ale tak\u00e9 ne za\npakatel. Nap\u0159\u00edklad za falafel v&nbsp;pita chlebu zaplat\u00edte 17 \u2013 25\n\u0161ekel\u016f. Jestli jste z&nbsp;t\u011bch, co si \u0159\u00edkaj\u00ed, \u017ee mek\u00e1\u010d to jist\u00ed,\ntak nejist\u00ed \u2013 nev\u00edm, jestli je n\u011bkde dra\u017e\u0161\u00ed ne\u017e v&nbsp;Izraeli. A\ncheesburger budete hledat \u00fapln\u011b marn\u011b, mixovat s\u00fdr a maso nen\u00ed\nko\u0161\u00e9r. A to ani v&nbsp;pobo\u010dk\u00e1ch, kter\u00e9 ko\u0161\u00e9r nejsou \u2013 lidi to tu\nprost\u011b nejsou zvykl\u00ed j\u00edst. \n<\/p>\n\n\n\n<p>P\u0159\u00edpadn\u00e9 pivko taky za pifku, v\nsupermarketu 8 \u0161ekel\u016f za p\u016fl litru, cenu v&nbsp;restauraci \u2013 no i na\nleti\u0161ti v&nbsp;Praze maj\u00ed levn\u011bj\u0161\u00ed. \n<\/p>\n\n\n\n<p>\u0160abaty<\/p>\n\n\n\n<p>\u0160\u00e1bes v\u00e1m m\u016f\u017ee p\u011bkn\u011b pokazit\npl\u00e1ny. V\u011bt\u0161ina supermarket\u016f, obchodn\u00edch dom\u016f a \u010d\u00e1st\nrestaurac\u00ed (ko\u0161\u00e9r) je o \u0161abatu zav\u0159en\u00e1. Zav\u00edr\u00e1 se v&nbsp;p\u00e1tek po\npoledni a otev\u00edr\u00e1 asi dv\u011b hodiny po z\u00e1padu slunce v&nbsp;sobotu, ale\nne v\u0161ude. Nejezd\u00ed MHD, m\u016f\u017ee b\u00fdt probl\u00e9m s&nbsp;p\u016fj\u010den\u00edm auta.\nDostat se z&nbsp;recepce do hotelov\u00e9ho pokoje v&nbsp;osmn\u00e1ct\u00e9m pat\u0159e\n\u0161\u00e1besov\u00fdm v\u00fdtahem bude s&nbsp;d\u011btmi nep\u0159\u00edjemn\u011b dlouh\u00fd v\u00fdlet :-).<\/p>\n\n\n\n<p>Parky b\u00fdvaj\u00ed otev\u0159en\u00e9 a v\nturistick\u00fdch (nebo arabsk\u00fdch) \u010d\u00e1stech si nakoup\u00edte v&nbsp;pohod\u011b,\n\u010dili to chce jen evidovat, kde budete a jestli se tam p\u0159\u00edpadn\u011b\nm\u00e1te jak dostat.<\/p>\n\n\n\n<p>Silni\u010dn\u00ed provoz<\/p>\n\n\n\n<p>Sly\u0161eli jste v&nbsp;r\u00e1diu n\u011bkdy hl\u00e1\u0161en\u00ed,\n\u017ee na silnici je nehoda a v&nbsp;protism\u011bru se vytvo\u0159ila kolona kv\u016fli\nzv\u011bdavc\u016fm? Ano, v\u00e1\u017en\u011b se to tu st\u00e1v\u00e1. Pokud se budete\npohybovat p\u016fj\u010den\u00fdm vozem, pl\u00e1nujte cesty mimo dopravn\u00ed \u0161pi\u010dku\n(7:30 \u2013 9:00, 15:30 \u2013 18:30), jinak se m\u016f\u017eete seknout i na v\u00edc\nne\u017e hodinu v&nbsp; kolon\u011b. Pruda i pro dosp\u011bl\u00e9, nato\u017e pro d\u011bti&#8230; V\nTel Avivu nic jako \u201emimo dopravn\u00ed \u0161pi\u010dku\u201c mysl\u00edm neexistuje.\nO tom, jak se v&nbsp;Izraeli \u0159\u00edd\u00ed, koluj\u00ed i po \u010desk\u00e9m netu\nsamostatn\u00e9 \u010dl\u00e1nky&#8230; Kdy\u017e to shrnu \u2013 je to sp\u00ed\u0161 pro otrl\u00e9.<\/p>\n\n\n\n<p>Kdy nejezdit<\/p>\n\n\n\n<p>Nejezd\u011bte o Pesahu a v&nbsp;druh\u00e9 p\u016flce srpna! Pokud tedy nestoj\u00edte o po\u0159\u00e1dn\u00fd mumraj, Kineret a pob\u0159e\u017e\u00ed Eilatu p\u0159epln\u011bn\u00e9 stany a nekone\u010dn\u00e9 z\u00e1cpy na silnic\u00edch. To dovolenkuj\u00ed m\u00edstn\u00ed. Tak\u00e9 o Sukotu, ale to u\u017e se i celkem d\u00e1. Nav\u00edc v\u011bt\u0161ina sv\u00e1tk\u016f s&nbsp;sebou ponese podobn\u00e1 omezen\u00ed jako \u0161abaty.  <\/p>\n\n\n\n<p>To je tak, co m\u011b v&nbsp;rychlosti napadlo. Jestli zva\u017eujete i dal\u0161\u00ed aspekty a m\u00e1te dotaz, klidn\u011b mi napi\u0161te. Sl\u00e1va nazdar v\u00fdletu \ud83d\ude42<\/p>\n\n\n\n<figure class=\"wp-block-image\"><img loading=\"lazy\" decoding=\"async\" width=\"576\" height=\"1024\" src=\"http:\/\/www.monikavizraeli.com\/wp-content\/uploads\/2019\/12\/DSC_1162-576x1024.jpg\" alt=\"\" class=\"wp-image-2117\" srcset=\"https:\/\/www.monikavizraeli.com\/wp-content\/uploads\/2019\/12\/DSC_1162-576x1024.jpg 576w, https:\/\/www.monikavizraeli.com\/wp-content\/uploads\/2019\/12\/DSC_1162-169x300.jpg 169w, https:\/\/www.monikavizraeli.com\/wp-content\/uploads\/2019\/12\/DSC_1162-768x1365.jpg 768w\" sizes=\"auto, (max-width: 576px) 100vw, 576px\" \/><\/figure>\n","protected":false},"excerpt":{"rendered":"<p>Leteck\u00e9 spole\u010dnosti se p\u0159edh\u00e1n\u00ed v&nbsp;nab\u00eddk\u00e1ch levn\u00fdch letenek a Eilat nebo Tel Aviv v&nbsp;nich \u010dasto z\u00e1\u0159\u00ed jako dostupn\u00e9 sv\u00fdm zp\u016fsobem exotick\u00e9 destinace, kde by se i v&nbsp;zimn\u00edch m\u011bs\u00edc\u00edch dalo oh\u0159\u00e1t. Izrael m\u00e1 bezpochyby d\u011btem hodn\u011b co nab\u00eddnout, ale tak\u00e9 m\u00e1 sv\u00e1 specifika, kter\u00e1 stoj\u00ed za zv\u00e1\u017een\u00ed, ne\u017e se sem vyd\u00e1te. Tak pozor. D\u0159\u00edv ne\u017e pod tlakem &hellip; <\/p>\n<p class=\"link-more\"><a href=\"https:\/\/www.monikavizraeli.com\/index.php\/2019\/12\/28\/do-izraele-a-s-detmi-ano-ale-budte-pripraveni\/\" class=\"more-link\">Pokra\u010dovat ve \u010dten\u00ed<span class=\"screen-reader-text\"> &#8222;Do Izraele? A s&nbsp;d\u011btmi? Ano! Ale bu\u010fte p\u0159ipraveni :-)&#8220;<\/span><\/a><\/p>\n","protected":false},"author":1,"featured_media":0,"comment_status":"open","ping_status":"open","sticky":false,"template":"","format":"standard","meta":{"_monsterinsights_skip_tracking":false,"_monsterinsights_sitenote_active":false,"_monsterinsights_sitenote_note":"","_monsterinsights_sitenote_category":0,"ngg_post_thumbnail":0,"footnotes":""},"categories":[4],"tags":[],"class_list":["post-2114","post","type-post","status-publish","format-standard","hentry","category-blog"],"_links":{"self":[{"href":"https:\/\/www.monikavizraeli.com\/index.php\/wp-json\/wp\/v2\/posts\/2114","targetHints":{"allow":["GET"]}}],"collection":[{"href":"https:\/\/www.monikavizraeli.com\/index.php\/wp-json\/wp\/v2\/posts"}],"about":[{"href":"https:\/\/www.monikavizraeli.com\/index.php\/wp-json\/wp\/v2\/types\/post"}],"author":[{"embeddable":true,"href":"https:\/\/www.monikavizraeli.com\/index.php\/wp-json\/wp\/v2\/users\/1"}],"replies":[{"embeddable":true,"href":"https:\/\/www.monikavizraeli.com\/index.php\/wp-json\/wp\/v2\/comments?post=2114"}],"version-history":[{"count":6,"href":"https:\/\/www.monikavizraeli.com\/index.php\/wp-json\/wp\/v2\/posts\/2114\/revisions"}],"predecessor-version":[{"id":2123,"href":"https:\/\/www.monikavizraeli.com\/index.php\/wp-json\/wp\/v2\/posts\/2114\/revisions\/2123"}],"wp:attachment":[{"href":"https:\/\/www.monikavizraeli.com\/index.php\/wp-json\/wp\/v2\/media?parent=2114"}],"wp:term":[{"taxonomy":"category","embeddable":true,"href":"https:\/\/www.monikavizraeli.com\/index.php\/wp-json\/wp\/v2\/categories?post=2114"},{"taxonomy":"post_tag","embeddable":true,"href":"https:\/\/www.monikavizraeli.com\/index.php\/wp-json\/wp\/v2\/tags?post=2114"}],"curies":[{"name":"wp","href":"https:\/\/api.w.org\/{rel}","templated":true}]}}