{"id":2097,"date":"2019-12-14T21:08:11","date_gmt":"2019-12-14T21:08:11","guid":{"rendered":"http:\/\/www.monikavizraeli.com\/?p=2097"},"modified":"2019-12-14T21:08:21","modified_gmt":"2019-12-14T21:08:21","slug":"park-ein-zeitim-a-jeskyne-paar","status":"publish","type":"post","link":"https:\/\/www.monikavizraeli.com\/index.php\/2019\/12\/14\/park-ein-zeitim-a-jeskyne-paar\/","title":{"rendered":"Park Ein Zeitim a jeskyn\u011b Paar"},"content":{"rendered":"\n<p>To je tak, kdy\u017e se pl\u00e1novan\u00fd rodinn\u00fd v\u00fdlet smrskne na okruh autem a dv\u011b kr\u00e1tk\u00e9 zast\u00e1vky. Proto\u017ee nejstar\u0161\u00ed d\u00edt\u011b chytlo vira, jde p\u0159ed dnem D sp\u00e1t s&nbsp;hore\u010dkou a vzbud\u00ed se sice bez n\u00ed, ale s&nbsp;bolest\u00ed hlavy. Dvouhodinov\u00e9 v\u00e1h\u00e1n\u00ed, jestli vyraz\u00edme, Daniel rozlouskne, kdy\u017e se posiln\u011bn d\u00e1vkou paracetamolu za\u010dne s&nbsp;Nevem honit po bar\u00e1ku, sk\u00e1\u010dou po seda\u010dk\u00e1ch a ml\u00e1t\u00ed se svr\u0161ky, do kter\u00fdch se maj\u00ed navl\u00e9knout. Jedem, m\u00edsto z&nbsp;gau\u010de na televizi budou koukat z&nbsp;okna na pasouc\u00ed se st\u00e1da krav a kon\u00ed a malebnou podzimn\u00ed krajinu Horn\u00ed a Doln\u00ed Galileie.<\/p>\n\n\n\n<p>Zam\u00ed\u0159ili jsme do oblasti Dalton, kde jsme se cht\u011bli proj\u00edt u b\u0159ehu jednoho z&nbsp;um\u011bl\u00fdch jez\u00edrek a uva\u0159it si \u010daj. Se nepovedlo, po p\u00e1r set metrech pra\u0161n\u00e9 cesty n\u00e1s zastavila prol\u00e1klina, kterou by projel mo\u017en\u00e1 d\u017e\u00edp. N\u00e1hradn\u00ed \u0159e\u0161en\u00ed nab\u00eddl bl\u00edzk\u00fd park Ein Zeitim. Vysok\u00e9 \u0161t\u00edhl\u00e9 borovice tvo\u0159\u00ed \u0159\u00eddk\u00fd les, kter\u00fd je vybaven\u00fd mno\u017estv\u00edm d\u0159ev\u011bn\u00fdch stol\u016f s&nbsp;lavicemi. Uprost\u0159ed t\u00fddne pr\u00e1zdn\u00fdch, ale \u0159ada opu\u0161t\u011bn\u00fdch ohni\u0161\u0165 d\u00e1v\u00e1 tu\u0161it, \u017ee m\u00edsto je jinak hojn\u011b nav\u0161t\u011bvovan\u00e9. D\u011bti se \u0161kr\u00e1baly po ob\u0159\u00ed d\u0159ev\u011bn\u00e9 prol\u00e9za\u010dce, couraly po lese, sb\u00edraly \u0161i\u0161ky a kam\u00ednky.<br>Odtamtud navzdory navigaci vyb\u00edr\u00e1me pro n\u00e1vrat dom\u016f silnici lemuj\u00edc\u00ed hranici Libanonu, abychom jeli v\u00edc p\u0159\u00edrodou ne\u017e p\u0159es vesnice, a p\u0159em\u00fd\u0161l\u00edme, kde ud\u011bl\u00e1me dal\u0161\u00ed zdravotn\u00ed proch\u00e1zku. Ujedeme sotva p\u00e1r kilometr\u016f, Daniel za\u010dne f\u0148ukat, \u017ee ho zas bol\u00ed hlava a Nevo, \u017ee pot\u0159ebuje na malou. A tak parkujeme na prvn\u00edm fleku, na kter\u00fd naraz\u00edme&#8230;<\/p>\n\n\n\n<p>\u010clov\u011bk se sem tam na n\u011bjak\u00e9m m\u00edst\u011b ocitne \u00fapln\u011b omylem. Nejen, \u017ee tam v\u016fbec nepl\u00e1noval zav\u00edtat, dokonce je to v&nbsp;dan\u00e9 situaci krajn\u011b nelogick\u00e9, mo\u017en\u00e1 i trochu hloup\u00e9 a nebezpe\u010dn\u00e9. Ale stejn\u011b se to stane. A pak to tam vypad\u00e1 naprosto magicky. P\u0159esn\u011b jako v&nbsp;p\u0159\u00edrodn\u00ed rezervaci okolo jeskyn\u011b Paar v&nbsp;Horn\u00ed Galilei. I kdy\u017e jsem bahno z&nbsp;bot sundavala mnohem del\u0161\u00ed dobu, ne\u017e jsme tam str\u00e1vili, st\u00e1lo to za to :-).<\/p>\n\n\n\n[Not a valid template]\n","protected":false},"excerpt":{"rendered":"<p>To je tak, kdy\u017e se pl\u00e1novan\u00fd rodinn\u00fd v\u00fdlet smrskne na okruh autem a dv\u011b kr\u00e1tk\u00e9 zast\u00e1vky. Proto\u017ee nejstar\u0161\u00ed d\u00edt\u011b chytlo vira, jde p\u0159ed dnem D sp\u00e1t s&nbsp;hore\u010dkou a vzbud\u00ed se sice bez n\u00ed, ale s&nbsp;bolest\u00ed hlavy. Dvouhodinov\u00e9 v\u00e1h\u00e1n\u00ed, jestli vyraz\u00edme, Daniel rozlouskne, kdy\u017e se posiln\u011bn d\u00e1vkou paracetamolu za\u010dne s&nbsp;Nevem honit po bar\u00e1ku, sk\u00e1\u010dou po seda\u010dk\u00e1ch &hellip; <\/p>\n<p class=\"link-more\"><a href=\"https:\/\/www.monikavizraeli.com\/index.php\/2019\/12\/14\/park-ein-zeitim-a-jeskyne-paar\/\" class=\"more-link\">Pokra\u010dovat ve \u010dten\u00ed<span class=\"screen-reader-text\"> &#8222;Park Ein Zeitim a jeskyn\u011b Paar&#8220;<\/span><\/a><\/p>\n","protected":false},"author":1,"featured_media":0,"comment_status":"open","ping_status":"open","sticky":false,"template":"","format":"standard","meta":{"_monsterinsights_skip_tracking":false,"_monsterinsights_sitenote_active":false,"_monsterinsights_sitenote_note":"","_monsterinsights_sitenote_category":0,"ngg_post_thumbnail":0,"footnotes":""},"categories":[4,14],"tags":[],"class_list":["post-2097","post","type-post","status-publish","format-standard","hentry","category-blog","category-vylety"],"_links":{"self":[{"href":"https:\/\/www.monikavizraeli.com\/index.php\/wp-json\/wp\/v2\/posts\/2097","targetHints":{"allow":["GET"]}}],"collection":[{"href":"https:\/\/www.monikavizraeli.com\/index.php\/wp-json\/wp\/v2\/posts"}],"about":[{"href":"https:\/\/www.monikavizraeli.com\/index.php\/wp-json\/wp\/v2\/types\/post"}],"author":[{"embeddable":true,"href":"https:\/\/www.monikavizraeli.com\/index.php\/wp-json\/wp\/v2\/users\/1"}],"replies":[{"embeddable":true,"href":"https:\/\/www.monikavizraeli.com\/index.php\/wp-json\/wp\/v2\/comments?post=2097"}],"version-history":[{"count":1,"href":"https:\/\/www.monikavizraeli.com\/index.php\/wp-json\/wp\/v2\/posts\/2097\/revisions"}],"predecessor-version":[{"id":2112,"href":"https:\/\/www.monikavizraeli.com\/index.php\/wp-json\/wp\/v2\/posts\/2097\/revisions\/2112"}],"wp:attachment":[{"href":"https:\/\/www.monikavizraeli.com\/index.php\/wp-json\/wp\/v2\/media?parent=2097"}],"wp:term":[{"taxonomy":"category","embeddable":true,"href":"https:\/\/www.monikavizraeli.com\/index.php\/wp-json\/wp\/v2\/categories?post=2097"},{"taxonomy":"post_tag","embeddable":true,"href":"https:\/\/www.monikavizraeli.com\/index.php\/wp-json\/wp\/v2\/tags?post=2097"}],"curies":[{"name":"wp","href":"https:\/\/api.w.org\/{rel}","templated":true}]}}