{"id":2091,"date":"2019-12-07T23:39:51","date_gmt":"2019-12-07T23:39:51","guid":{"rendered":"http:\/\/www.monikavizraeli.com\/?p=2091"},"modified":"2019-12-07T23:40:03","modified_gmt":"2019-12-07T23:40:03","slug":"nase-sabaty","status":"publish","type":"post","link":"https:\/\/www.monikavizraeli.com\/index.php\/2019\/12\/07\/nase-sabaty\/","title":{"rendered":"Na\u0161e \u0161abaty"},"content":{"rendered":"\n<p>Po ka\u017ed\u00e9m \u0161abatu si \u0159\u00edk\u00e1m, \u017ee u\u017e\njsem o nich dlouho nic nepsala. \u0158\u00edkala jsem si to na ja\u0159e, v&nbsp;l\u00e9t\u011b,\nna podzim a \u2026 m\u00edsto toho je tu slu\u0161n\u00e1 \u0159\u00e1dka \u0161abat\u016f, o\nkter\u00fdch nepadla ani zm\u00ednka. No a te\u010f v&nbsp;zim\u011b, po roce od konverze,\njsem kone\u010dn\u011b za\u010dala ps\u00e1t. Ale u\u017e se s&nbsp;t\u00edm patl\u00e1m dva t\u00fddny a\nnen\u00ed z&nbsp;toho nic kloudn\u00e9ho. Tak\u017ee m\u00edsto v\u00fd\u010dtu seznamu pravidel,\nkter\u00e1 dodr\u017eujeme a kter\u00e1 ne a na\u0161eho v\u00edcem\u00e9n\u011b stereotypn\u00edho\nprogramu \u0161abatu nap\u00ed\u0161u to, co pova\u017euji za nejz\u00e1sadn\u011bj\u0161\u00ed. M\u00e1me\nje r\u00e1di! \n<\/p>\n\n\n\n<p>U\u017e to d\u00e1vno nen\u00ed nuda, pruda a tr\u00e1pen\u00ed. Neotravuje n\u00e1s, \u017ee \u201etr\u010d\u00edme\u201c v&nbsp;Tal El a neremc\u00e1me nad t\u00edm, co v\u0161echno nem\u016f\u017eeme a o kolik by bylo jednodu\u0161\u0161\u00ed vyt\u00e1hnout d\u011bti na v\u00fdlet. Vytratily se touhy zkontrolovat p\u0159\u00edchoz\u00ed zpr\u00e1vy na mobilu, vyprat aspo\u0148 jednu pra\u010dku nebo d\u00e1t kone\u010dn\u011b do kupy tu bezpe\u010dnostn\u00ed m\u00edstnost. Holt je \u0161abat a nazdar. Nic nevytv\u00e1\u0159\u00edme, nep\u0159ekop\u00e1v\u00e1me, nep\u0159ed\u011bl\u00e1v\u00e1me. M\u00e1me pauzu od okoln\u00edho sv\u011bta a sv\u011bt m\u00e1 pauzu od n\u00e1s. Neovliv\u0148uje n\u00e1s nic krom\u011b toho, co se d\u011bje p\u0159\u00edmo s&nbsp;n\u00e1mi, doma, v&nbsp;Tal El, na zahrad\u011b, mezi mnou a Giyorou, mezi d\u011btmi. Modl\u00edme se, j\u00edme, hrajeme si s&nbsp;d\u011btmi a cour\u00e1me po bl\u00edzk\u00e9m okol\u00ed. A i ten relax se nakonec v&nbsp;tom p\u011btadvacetihodinov\u00e9m striktn\u011b na\u0159\u00edzen\u00e9m odpo\u010dinku najde. \u0160abat se pro m\u011b stal dnem upev\u0148ov\u00e1n\u00ed vztah\u016f v&nbsp;neju\u017e\u0161\u00edm rodinn\u00e9m kruhu.<\/p>\n\n\n\n<p>Jakkoliv n\u00e1m p\u0159ipadalo postaven\u00e9 na\nhlavu, \u017ee by den, kdy chlap \u017eenskou nech\u00e1 t\u0159ikr\u00e1t na dv\u011b hodiny\n(p\u00e1tek ve\u010der, sobota r\u00e1no a sobota ve\u010der) samotnou s&nbsp;d\u011btmi na\nkrku a jde se zav\u0159\u00edt do synagogy, m\u011bl m\u00edt n\u011bjak\u00fd v\u00fdznam pro\nrodinu, te\u010f u\u017e pozitivn\u00ed dopady vn\u00edm\u00e1me. A\u010d si pr\u00fd Giyora p\u0159i\nmodlen\u00ed ob\u010das p\u0159ipad\u00e1 jako blbec, jindy zas c\u00edt\u00ed s\u00edlu, kterou\nmodlitba d\u00e1v\u00e1. Du\u0161evn\u00ed teda. Tu fyzickou po za\u010d\u00e1tku \u0161koln\u00edho\nroku do\u010derp\u00e1v\u00e1 poledn\u00edm sp\u00e1nkem. J\u00e1 p\u0159es den zat\u00edm st\u00e1le\nodpad\u00e1m jenom v\u00fdjime\u010dn\u011b a kdy\u017e Giyora bere Neva s&nbsp;Danielem na\nobvyklou n\u00e1v\u0161t\u011bvu ke star\u0161\u00edm br\u00e1ch\u016fm, sna\u017e\u00edm se \u010das, kter\u00fd\nm\u00e1m k&nbsp;dispozici, vyu\u017e\u00edt ke \u010dten\u00ed. Lousk\u00e1m T\u00f3ru v&nbsp;hebrej\u0161tin\u011b.\nTeda skoro denn\u011b, ale o \u0161abatech tomu d\u00e1v\u00e1m v\u00edc ne\u017e str\u00e1nku.\nVzhledem k&nbsp;tempu, jak\u00fdm se u\u017e p\u0159es dva m\u011bs\u00edce prokous\u00e1v\u00e1m\nprvn\u00ed z&nbsp;Moj\u017e\u00ed\u0161ov\u00fdch knih, budu se pot\u0159ebovat do\u017e\u00edt p\u0159ibli\u017en\u011b\nv\u011bku Metuzal\u00e9ma, abych to stihla do\u010d\u00edst. \n<\/p>\n\n\n\n<p>Celkov\u011b ve vztahu mnohem v\u00edc vl\u00e1dne harmonie. H\u00e1dky, ke kter\u00fdm s&nbsp;na\u0161imi temperamenty d\u0159\u00edve doch\u00e1zelo relativn\u011b \u010dasto, zmizely. Komunikace s&nbsp;Giyorou n\u00e1m s&nbsp;Bo\u017e\u00ed pomoc\u00ed jde n\u011bjak l\u00edp :-). Bezpochyby jsme pro\u0161li pozitivn\u00edm v\u00fdvojem. Na kolik se na n\u011bm pod\u00edlelo, \u017ee jsem u\u017e t\u0159et\u00edm rokem nezam\u011bstnan\u00e1 a \u017ee se narodil Eitan, si netrouf\u00e1m odhadnout. Ale v\u011b\u0159\u00edm, \u017ee nejv\u00fdznamn\u011bji p\u0159isp\u011bla pr\u00e1v\u011b n\u00e1bo\u017eensk\u00e1 praxe. <\/p>\n\n\n\n<p>Tak v\u0161em p\u0159eju spoustu Bo\u017e\u00edho po\u017eehn\u00e1n\u00ed :-).<\/p>\n\n\n\n<figure class=\"wp-block-image\"><img loading=\"lazy\" decoding=\"async\" width=\"1024\" height=\"576\" src=\"http:\/\/www.monikavizraeli.com\/wp-content\/uploads\/2019\/12\/DSC_0868_1-mal\u00e1-1024x576.jpg\" alt=\"\" class=\"wp-image-2092\" srcset=\"https:\/\/www.monikavizraeli.com\/wp-content\/uploads\/2019\/12\/DSC_0868_1-mal\u00e1-1024x576.jpg 1024w, https:\/\/www.monikavizraeli.com\/wp-content\/uploads\/2019\/12\/DSC_0868_1-mal\u00e1-300x169.jpg 300w, https:\/\/www.monikavizraeli.com\/wp-content\/uploads\/2019\/12\/DSC_0868_1-mal\u00e1-768x432.jpg 768w, https:\/\/www.monikavizraeli.com\/wp-content\/uploads\/2019\/12\/DSC_0868_1-mal\u00e1.jpg 1920w\" sizes=\"auto, (max-width: 767px) 89vw, (max-width: 1000px) 54vw, (max-width: 1071px) 543px, 580px\" \/><figcaption>Tal El. Fotografie nebyla po\u0159\u00edzena o \u0161abatu (se nesm\u00ed :-))<\/figcaption><\/figure>\n","protected":false},"excerpt":{"rendered":"<p>Po ka\u017ed\u00e9m \u0161abatu si \u0159\u00edk\u00e1m, \u017ee u\u017e jsem o nich dlouho nic nepsala. \u0158\u00edkala jsem si to na ja\u0159e, v&nbsp;l\u00e9t\u011b, na podzim a \u2026 m\u00edsto toho je tu slu\u0161n\u00e1 \u0159\u00e1dka \u0161abat\u016f, o kter\u00fdch nepadla ani zm\u00ednka. No a te\u010f v&nbsp;zim\u011b, po roce od konverze, jsem kone\u010dn\u011b za\u010dala ps\u00e1t. Ale u\u017e se s&nbsp;t\u00edm patl\u00e1m dva t\u00fddny &hellip; <\/p>\n<p class=\"link-more\"><a href=\"https:\/\/www.monikavizraeli.com\/index.php\/2019\/12\/07\/nase-sabaty\/\" class=\"more-link\">Pokra\u010dovat ve \u010dten\u00ed<span class=\"screen-reader-text\"> &#8222;Na\u0161e \u0161abaty&#8220;<\/span><\/a><\/p>\n","protected":false},"author":1,"featured_media":0,"comment_status":"open","ping_status":"open","sticky":false,"template":"","format":"standard","meta":{"_monsterinsights_skip_tracking":false,"_monsterinsights_sitenote_active":false,"_monsterinsights_sitenote_note":"","_monsterinsights_sitenote_category":0,"ngg_post_thumbnail":0,"footnotes":""},"categories":[4,16],"tags":[],"class_list":["post-2091","post","type-post","status-publish","format-standard","hentry","category-blog","category-zidovka-z-jiznaku"],"_links":{"self":[{"href":"https:\/\/www.monikavizraeli.com\/index.php\/wp-json\/wp\/v2\/posts\/2091","targetHints":{"allow":["GET"]}}],"collection":[{"href":"https:\/\/www.monikavizraeli.com\/index.php\/wp-json\/wp\/v2\/posts"}],"about":[{"href":"https:\/\/www.monikavizraeli.com\/index.php\/wp-json\/wp\/v2\/types\/post"}],"author":[{"embeddable":true,"href":"https:\/\/www.monikavizraeli.com\/index.php\/wp-json\/wp\/v2\/users\/1"}],"replies":[{"embeddable":true,"href":"https:\/\/www.monikavizraeli.com\/index.php\/wp-json\/wp\/v2\/comments?post=2091"}],"version-history":[{"count":1,"href":"https:\/\/www.monikavizraeli.com\/index.php\/wp-json\/wp\/v2\/posts\/2091\/revisions"}],"predecessor-version":[{"id":2093,"href":"https:\/\/www.monikavizraeli.com\/index.php\/wp-json\/wp\/v2\/posts\/2091\/revisions\/2093"}],"wp:attachment":[{"href":"https:\/\/www.monikavizraeli.com\/index.php\/wp-json\/wp\/v2\/media?parent=2091"}],"wp:term":[{"taxonomy":"category","embeddable":true,"href":"https:\/\/www.monikavizraeli.com\/index.php\/wp-json\/wp\/v2\/categories?post=2091"},{"taxonomy":"post_tag","embeddable":true,"href":"https:\/\/www.monikavizraeli.com\/index.php\/wp-json\/wp\/v2\/tags?post=2091"}],"curies":[{"name":"wp","href":"https:\/\/api.w.org\/{rel}","templated":true}]}}