{"id":2063,"date":"2019-11-23T22:02:31","date_gmt":"2019-11-23T22:02:31","guid":{"rendered":"http:\/\/www.monikavizraeli.com\/?p=2063"},"modified":"2019-11-23T22:02:31","modified_gmt":"2019-11-23T22:02:31","slug":"gan-guru-a-mayan-harod-v-posledni-tretine-listopadu","status":"publish","type":"post","link":"https:\/\/www.monikavizraeli.com\/index.php\/2019\/11\/23\/gan-guru-a-mayan-harod-v-posledni-tretine-listopadu\/","title":{"rendered":"Gan Guru a Mayan Harod v&nbsp;posledn\u00ed t\u0159etin\u011b listopadu"},"content":{"rendered":"\n<p>Zat\u00edmco mr\u0148av\u00e9 opi\u010dky v&nbsp;lese v\nYodfat jsme byli krmit u\u017e mockr\u00e1t, s&nbsp;klokany a papou\u0161ky to byla\npremi\u00e9ra. Giyorovi vy\u0161el od za\u010d\u00e1tku \u0161koln\u00edho roku snad prvn\u00ed\nvoln\u00fd \u010dtvrtek, tak\u017ee kam jinam vz\u00edt tu na\u0161\u00ed sme\u010dku, ne\u017e na\nzv\u00ed\u0159\u00e1tka. Po\u010das\u00ed bylo na v\u00fdlet dokonal\u00e9, slune\u010dno s&nbsp;teplotami\nlehce nad dvacet stup\u0148\u016f. Co by si tak \u010dlov\u011bk v&nbsp;posledn\u00ed t\u0159etin\u011b\nlistopadu mohl p\u0159\u00e1t :-). Celou cestu \u00fadol\u00edm Emek se n\u00e1m nad\nhlavami proh\u00e1n\u011bla hejna pelik\u00e1n\u016f, ka\u010den a kdo v\u00ed, \u010deho je\u0161t\u011b,\nka\u017edop\u00e1dn\u011b pod\u00edvan\u00e1 to byla n\u00e1dhern\u00e1. Na video se mi to v&nbsp;pln\u00e9\npar\u00e1d\u011b zachytit nepovedlo, tak\u017ee kdo m\u016f\u017eete, rad\u0161i se tam honem\nje\u010fte pod\u00edvat.<\/p>\n\n\n\n<p>V parku Gan Guru kluci byli ve sv\u00fdm\n\u017eivlu a klok\u00e1nci tak sladc\u00ed, \u017ee se jich neb\u00e1l ani Nevo, kter\u00fd\nm\u00e1 jinak ze zv\u00ed\u0159at respekt. Bylo pr\u00e1zdno, jak se v&nbsp;pracovn\u00ed den\nslu\u0161\u00ed a pat\u0159\u00ed, a osazenstvo bylo  spr\u00e1vn\u011b hladov\u00e9. Klokani s\nradost\u00ed chroupali nab\u00eddnut\u00e9 granule a nech\u00e1vali se hladit.\nPapou\u0161ci n\u00e1m posed\u00e1vali na ramenou i na hlav\u00e1ch a uzob\u00e1vali\nkousky jabl\u00ed\u010dek nap\u00edchnut\u00fdch na \u0161pejli. \n<\/p>\n\n\n\n<p>Eitan byl tak nad\u0161enej, \u017ee m\u016f\u017ee\nn\u011bco krmit, \u017ee by nejrad\u0161i cpal j\u00eddlo i robotick\u00fdm dinosaur\u016fm.<\/p>\n\n\n\n<p>Cestou dom\u016f jsme se stavili je\u0161t\u011b v&nbsp;parku Mayan Harod. Kdy\u017e u\u017e jsme se pohybovali pobl\u00ed\u017e, nemohli jsme tohle m\u00edsto jen tak minout. Na koup\u00e1n\u00ed to moc nen\u00ed, ale tu\u0161ili jsme, \u017ee to Danielovi t\u011b\u017eko vysv\u011btl\u00edme, tak jsme mu obl\u00e9kli plavky a po\u010dkali si, a\u017e ho p\u0159esv\u011bd\u010d\u00ed studen\u00e1 voda. Vlastn\u011b ani nem\u011bl v&nbsp;\u00famyslu se m\u00e1chat v\u00edc ne\u017e po kolena, ale uklouzl. Nenechal se rozhodit a klidn\u011b v&nbsp;tom mokr\u00fdm triku coural d\u00e1l. Ostatn\u00ed \u010dlenov\u00e9 sme\u010dky z\u016fstali su\u0161\u0161\u00ed, a\u010d Eitana bylo nutn\u00e9 dost pevn\u011b dr\u017eet. Ve fin\u00e1le se spokojil s&nbsp;h\u00e1zen\u00edm kam\u00ednk\u016f do vody.  <\/p>\n\n\n\n<p>V parku jsme hodinu p\u0159ed zav\u00edra\u010dkou byli jedin\u00ed n\u00e1v\u0161t\u011bvn\u00edci, kdy\u017e nepo\u010d\u00edt\u00e1m ko\u010dky, kter\u00e9 t\u00edm evidentn\u011b trp\u00ed, proto\u017ee se n\u00e1m v&nbsp;nest\u0159e\u017een\u00e9m okam\u017eiku pustily do citronov\u00e9ho kol\u00e1\u010de. P\u0159esto\u017ee byl pe\u010dliv\u011b zabalen\u00fd v&nbsp;ta\u0161ce. Potvory. Klika, \u017ee stejn\u011b nezbyl \u010das uva\u0159it \u010daj, jak jsme si pl\u00e1novali, tak kol\u00e1\u010d nechyb\u011bl :-).  <\/p>\n\n\n\n[Not a valid template]\n","protected":false},"excerpt":{"rendered":"<p>Zat\u00edmco mr\u0148av\u00e9 opi\u010dky v&nbsp;lese v&nbsp;Yodfat jsme byli krmit u\u017e mockr\u00e1t, s&nbsp;klokany a papou\u0161ky to byla premi\u00e9ra. Giyorovi vy\u0161el od za\u010d\u00e1tku \u0161koln\u00edho roku snad prvn\u00ed voln\u00fd \u010dtvrtek, tak\u017ee kam jinam vz\u00edt tu na\u0161\u00ed sme\u010dku, ne\u017e na zv\u00ed\u0159\u00e1tka. Po\u010das\u00ed bylo na v\u00fdlet dokonal\u00e9, slune\u010dno s&nbsp;teplotami lehce nad dvacet stup\u0148\u016f. Co by si tak \u010dlov\u011bk v&nbsp;posledn\u00ed t\u0159etin\u011b &hellip; <\/p>\n<p class=\"link-more\"><a href=\"https:\/\/www.monikavizraeli.com\/index.php\/2019\/11\/23\/gan-guru-a-mayan-harod-v-posledni-tretine-listopadu\/\" class=\"more-link\">Pokra\u010dovat ve \u010dten\u00ed<span class=\"screen-reader-text\"> &#8222;Gan Guru a Mayan Harod v&nbsp;posledn\u00ed t\u0159etin\u011b listopadu&#8220;<\/span><\/a><\/p>\n","protected":false},"author":1,"featured_media":0,"comment_status":"open","ping_status":"open","sticky":false,"template":"","format":"standard","meta":{"_monsterinsights_skip_tracking":false,"_monsterinsights_sitenote_active":false,"_monsterinsights_sitenote_note":"","_monsterinsights_sitenote_category":0,"ngg_post_thumbnail":0,"footnotes":""},"categories":[4,14],"tags":[],"class_list":["post-2063","post","type-post","status-publish","format-standard","hentry","category-blog","category-vylety"],"_links":{"self":[{"href":"https:\/\/www.monikavizraeli.com\/index.php\/wp-json\/wp\/v2\/posts\/2063","targetHints":{"allow":["GET"]}}],"collection":[{"href":"https:\/\/www.monikavizraeli.com\/index.php\/wp-json\/wp\/v2\/posts"}],"about":[{"href":"https:\/\/www.monikavizraeli.com\/index.php\/wp-json\/wp\/v2\/types\/post"}],"author":[{"embeddable":true,"href":"https:\/\/www.monikavizraeli.com\/index.php\/wp-json\/wp\/v2\/users\/1"}],"replies":[{"embeddable":true,"href":"https:\/\/www.monikavizraeli.com\/index.php\/wp-json\/wp\/v2\/comments?post=2063"}],"version-history":[{"count":1,"href":"https:\/\/www.monikavizraeli.com\/index.php\/wp-json\/wp\/v2\/posts\/2063\/revisions"}],"predecessor-version":[{"id":2088,"href":"https:\/\/www.monikavizraeli.com\/index.php\/wp-json\/wp\/v2\/posts\/2063\/revisions\/2088"}],"wp:attachment":[{"href":"https:\/\/www.monikavizraeli.com\/index.php\/wp-json\/wp\/v2\/media?parent=2063"}],"wp:term":[{"taxonomy":"category","embeddable":true,"href":"https:\/\/www.monikavizraeli.com\/index.php\/wp-json\/wp\/v2\/categories?post=2063"},{"taxonomy":"post_tag","embeddable":true,"href":"https:\/\/www.monikavizraeli.com\/index.php\/wp-json\/wp\/v2\/tags?post=2063"}],"curies":[{"name":"wp","href":"https:\/\/api.w.org\/{rel}","templated":true}]}}