{"id":2048,"date":"2019-11-17T20:48:36","date_gmt":"2019-11-17T20:48:36","guid":{"rendered":"http:\/\/www.monikavizraeli.com\/?p=2048"},"modified":"2019-11-17T20:53:33","modified_gmt":"2019-11-17T20:53:33","slug":"vichr-oslavy-a-ritualy-v-prvni-listopadove-pulce","status":"publish","type":"post","link":"https:\/\/www.monikavizraeli.com\/index.php\/2019\/11\/17\/vichr-oslavy-a-ritualy-v-prvni-listopadove-pulce\/","title":{"rendered":"Vichr, oslavy a Daniel\u016fv ritu\u00e1l v&nbsp;prvn\u00ed listopadov\u00e9 p\u016flce"},"content":{"rendered":"\n<p>Tak jo, je za n\u00e1mi prvn\u00ed p\u016flka listopadu, uf. Venku typick\u00e9 po\u017e\u00e1rov\u00e9 po\u010das\u00ed. Obdob\u00ed, kdy p\u00e1ry n\u00edzko krou\u017e\u00edc\u00edch letadel okam\u017eit\u011b vzbuzuj\u00ed podez\u0159en\u00ed, \u017ee n\u011bkde ho\u0159\u00ed. V\u00edtr su\u0161\u00ed krajinu i n\u00e1s, p\u00e1l\u00ed n\u00e1s o\u010di, m\u00e1me popraskan\u00e9 rty, k\u016f\u017ei podobnou \u017eelv\u00ed a r\u00e1nu statickou elekt\u0159inou m\u016f\u017eem \u010dekat i od hrnku s&nbsp;kafem. Nevo s&nbsp;Danielem se chud\u00e1ci boj\u00ed \u010dehokoli dotknout.  <\/p>\n\n\n\n<p>M\u00e1me za sebou dal\u0161\u00ed ze zb\u011bsil\u00fdch t\u00fddn\u016f, kdy jsem se ani nedostala k&nbsp;psan\u00ed, a jedinou tv\u016fr\u010d\u00ed \u010dinnost\u00ed bylo pe\u010den\u00ed chleba, aby mi tamago\u010di v&nbsp;podob\u011b kv\u00e1sku nepo\u0161lo. Jo a dort pro Neva takticky nazvan\u00fd \u201ehora Nevo\u201c, proto\u017ee jedinou dekorac\u00ed, co jsem v&nbsp;omezen\u00e9m \u010dase dok\u00e1zala vytvo\u0159it, byl kopec \u0161leha\u010dky posypan\u00fd barevn\u00fdmi cukrov\u00fdmi kuli\u010dkami. Jen jsme doslavili ty na\u0161e dva z\u00e1\u0159ijov\u00e9 kousky, u\u017e se n\u00e1m do dal\u0161\u00edho roku \u017eivota p\u0159eklopil t\u0159et\u00ed. 11.&nbsp;listopadu byly Nevovi \u010dty\u0159i roky a my s&nbsp;Giyorou oslavili osm\u00e9 v\u00fdro\u010d\u00ed na\u0161eho civiln\u00edho man\u017eelstv\u00ed. Te\u010f, rok po konverzi k&nbsp;judaismu, kdy u\u017e za sebou m\u00e1me i \u017eidovskou svatbu, si \u0159\u00edk\u00e1m, \u017ee n\u00e1m B\u016fh schv\u00e1ln\u011b to civiln\u00ed datum narozen\u00edm Nevou\u0161e zazdil :-). <\/p>\n\n\n\n<p>\u017de se v&nbsp;noci z&nbsp;pond\u011bl\u00ed na \u00fater\u00fd urputn\u011b \u201eslavilo\u201c i v&nbsp;Gaze a no\u010dn\u00ed oblohu od Sderotu a\u017e k&nbsp;Tel Avivu v&nbsp;kr\u00e1tk\u00fdch intervalech osv\u011bcovaly r\u00e1doby smrt\u00edc\u00ed oh\u0148ostroje, jsme se dozv\u011bd\u011bli a\u017e r\u00e1no. Z&nbsp;Gazy to k&nbsp;n\u00e1m zat\u00edm nel\u00edt\u00e1, ale i tak jsem pova\u017eovala za vhodn\u00e9 cestou do \u0161kolky zkontrolovat, jestli d\u011bti v\u00ed, co d\u011blat, kdy\u017e se rozezn\u00ed sir\u00e9ny. \u201eZacpat si u\u0161i\u201c, odpov\u011bd\u011bl mi Daniel suver\u00e9nn\u011b na dotaz. Hm, jestli jsme n\u011bco nezanedbali&#8230; Vlastn\u011b jsem si jist\u00e1, \u017ee jsme jim to \u0159\u00edkali, ale jak to (na\u0161t\u011bst\u00ed) nemaj\u00ed spojen\u00e9 s&nbsp;\u017e\u00e1dn\u00fdm traumatizuj\u00edc\u00edm z\u00e1\u017eitkem, zjevn\u011b si to nepamatuj\u00ed.<\/p>\n\n\n\n<p>Jakkoliv to v&nbsp;ji\u017en\u00ed p\u016flce Izraele\nvypadalo dramaticky, kdy\u017e jsme se ve st\u0159edu r\u00e1no vydali sm\u011br Tel\nAviv, byl klid. Daniel dostal term\u00edn ritu\u00e1lu nutn\u00e9ho pro p\u0159ipojen\u00ed\nse k&nbsp;vyvolen\u00e9mu n\u00e1rodu. Na m\u00edsto \u010dinu jsme dorazili p\u0159esn\u011b na\n\u010das a oba kluci si kupodivu vybavili, \u017ee jsme se tam s&nbsp;Giyorou\nbrali. Cel\u00e1 akce tentokr\u00e1t trvala necelou hodinu a ne p\u0159es p\u016fl\ndne. A b\u00fdvalo by to bylo za deset minut, kdyby Daniel spolupracoval.\nSna\u017eila jsem se ho p\u0159esv\u011bd\u010dit, \u017ee p\u0159i ponoru do mikve m\u016f\u017ee\nv\u0161em kr\u00e1sn\u011b p\u0159edv\u00e9st, jak se um\u00ed pot\u00e1p\u011bt, ale nezd\u00e1lo se mu\nto u\u017e dop\u0159edu. Tak m\u00edsto toho p\u0159edvedl cel\u00e9mu Hod Hasharonu, jak\num\u00ed v\u0159e\u0161t\u011bt, kdy\u017e ho v&nbsp;mikve proti jeho v\u016fli m\u00e1chal na dvakr\u00e1t\nGiyora. To ov\u0161em ten den bylo d\u00edky Bohu jedin\u00e9 drama. Kdy\u017e u\u017e\njsme tam byli, cht\u011bli jsme kluky prot\u00e1hnout s&nbsp;kolob\u011b\u017ekami v&nbsp;nov\u00e9m\np\u0159\u00edstavu, ale proto\u017ee bylo kolem poledn\u00edho a ten den extr\u00e9mn\u00ed\nhorko, za\u010dali jsme hledat v&nbsp;okol\u00ed klimatizovanou d\u011btskou hernu. On\nby parking v&nbsp;Tel Avivu vy\u0161el cenov\u011b podobn\u011b jako vstup, kdybychom\nji ov\u0161em v&nbsp;Netanyi, kam jsme zam\u00ed\u0159ili, na\u0161li. Natrefili jsme asi\nna jedin\u00e9 obchodn\u00ed centrum v&nbsp;zemi, kde nebylo, kam up\u00edchnout d\u011bti\na mimino. Na\u0161t\u011bst\u00ed hned naproti byla Ikea a jej\u00ed skv\u011bl\u00e1\nherni\u010dka pro d\u011bti od t\u0159\u00ed let. D\u011bti se tam daj\u00ed odlo\u017eit zadarmo\nna hodinu a rodi\u010de dovnit\u0159 v\u016fbec nesm\u00ed. No \u00faplnej sen, hehe.\nZam\u00e1vali jsme \u0161\u0165astn\u011b z\u00e1\u0159\u00edc\u00edm potomk\u016fm a mazali se s&nbsp;Giyorou\na miminem do restaurace naj\u00edst. Ob\u00e1vali jsme se, \u017ee n\u00e1m do \u010dtvrt\nhodiny budou z&nbsp;herny volat, ale kluci p\u0159ekvapili a vydr\u017eeli a\u017e do\nposledn\u00ed minuty. Budeme to praktikovat \u010dast\u011bji.<\/p>\n\n\n\n<p>Cestou zp\u011bt jsme se zasekli v&nbsp;protivn\u00fd z\u00e1cp\u011b jen kousek p\u0159ed c\u00edlem. Protivn\u00e1 z\u00e1cpa v&nbsp;Izraeli je pro p\u0159edstavu asi 5x protivn\u011bj\u0161\u00ed ne\u017e ta nejhor\u0161\u00ed v&nbsp;Praze. Daniel d\u00edky tomu prvn\u011b pro\u0161vihl tr\u00e9nink fotbalu, ale stejn\u011b tam tentokr\u00e1t necht\u011bl. Z\u0159ejm\u011b si pot\u0159eboval zpracovat ten n\u00e1ro\u010dn\u00fd den, jinak se tam toti\u017e v\u017edycky stra\u0161n\u011b t\u011b\u0161\u00ed.  <\/p>\n\n\n\n<p>Transformace kompletn\u00ed Erezovic rodiny na \u017eidy je t\u00edmto ofici\u00e1ln\u011b dokon\u010dena. \u0160vagr si to vysv\u011btlil po sv\u00e9m a kdy\u017e u n\u00e1s v&nbsp;p\u00e1tek p\u0159ed p\u0159\u00edchodem \u0161abatu s&nbsp;rodinou byli slavit Nevovy narozeniny, pozval n\u00e1s na p\u0159\u00ed\u0161t\u00ed \u0161abat k&nbsp;nim dom\u016f na grilova\u010dku. A p\u0159ekvapen\u011b na m\u011b s&nbsp;man\u017eelkou t\u0159e\u0161tili o\u010di, kdy\u017e jsem jim ozn\u00e1mila, \u017ee \u0161abat\u016f se v\u016fbec nechci vzd\u00e1vat.  <\/p>\n\n\n\n<p>Giyora si z&nbsp;posledn\u00edho \u0161koln\u00edho v\u00fdletu p\u0159ivezl z\u00e1ke\u0159n\u00e9ho vira a cel\u00fd minul\u00fd \u0161abat prospal. A od t\u00e9 doby ta potvora postupn\u011b kl\u00e1t\u00ed ostatn\u00ed \u010dleny rodiny. Mysl\u00edm, \u017ee jsem na \u0159ad\u011b. To by tak odpov\u00eddalo, proto\u017ee d\u016fm se pomalu dostal do mali\u010dko lid\u0161t\u011bj\u0161\u00ed podoby, hory pr\u00e1dla znateln\u011b poklesly a j\u00e1 si na z\u00edtra pl\u00e1nuji vz\u00edt Eitana na kontrolu stavu t\u011bch asi dvou strom\u016f v&nbsp;Tal El, co by se m\u011bly od\u00edt do podzimn\u00edch barev. Jestli na nich p\u0159i t\u011bch vichrech v\u016fbec z\u016fstalo list\u00ed&#8230;  <\/p>\n\n\n\n<p>A to jsem si myslela, \u017ee bude \u010das se pod\u011blit i o n\u011bjak\u00e9 my\u0161lenky, hm. No nevad\u00ed, jednou snad bude :-).  <\/p>\n\n\n\n[Not a valid template]\n","protected":false},"excerpt":{"rendered":"<p>Tak jo, je za n\u00e1mi prvn\u00ed p\u016flka listopadu, uf. Venku typick\u00e9 po\u017e\u00e1rov\u00e9 po\u010das\u00ed. Obdob\u00ed, kdy p\u00e1ry n\u00edzko krou\u017e\u00edc\u00edch letadel okam\u017eit\u011b vzbuzuj\u00ed podez\u0159en\u00ed, \u017ee n\u011bkde ho\u0159\u00ed. V\u00edtr su\u0161\u00ed krajinu i n\u00e1s, p\u00e1l\u00ed n\u00e1s o\u010di, m\u00e1me popraskan\u00e9 rty, k\u016f\u017ei podobnou \u017eelv\u00ed a r\u00e1nu statickou elekt\u0159inou m\u016f\u017eem \u010dekat i od hrnku s&nbsp;kafem. Nevo s&nbsp;Danielem se chud\u00e1ci boj\u00ed \u010dehokoli &hellip; <\/p>\n<p class=\"link-more\"><a href=\"https:\/\/www.monikavizraeli.com\/index.php\/2019\/11\/17\/vichr-oslavy-a-ritualy-v-prvni-listopadove-pulce\/\" class=\"more-link\">Pokra\u010dovat ve \u010dten\u00ed<span class=\"screen-reader-text\"> &#8222;Vichr, oslavy a Daniel\u016fv ritu\u00e1l v&nbsp;prvn\u00ed listopadov\u00e9 p\u016flce&#8220;<\/span><\/a><\/p>\n","protected":false},"author":1,"featured_media":0,"comment_status":"open","ping_status":"open","sticky":false,"template":"","format":"standard","meta":{"_monsterinsights_skip_tracking":false,"_monsterinsights_sitenote_active":false,"_monsterinsights_sitenote_note":"","_monsterinsights_sitenote_category":0,"ngg_post_thumbnail":0,"footnotes":""},"categories":[4,13],"tags":[],"class_list":["post-2048","post","type-post","status-publish","format-standard","hentry","category-blog","category-z-bezneho-zivota"],"_links":{"self":[{"href":"https:\/\/www.monikavizraeli.com\/index.php\/wp-json\/wp\/v2\/posts\/2048","targetHints":{"allow":["GET"]}}],"collection":[{"href":"https:\/\/www.monikavizraeli.com\/index.php\/wp-json\/wp\/v2\/posts"}],"about":[{"href":"https:\/\/www.monikavizraeli.com\/index.php\/wp-json\/wp\/v2\/types\/post"}],"author":[{"embeddable":true,"href":"https:\/\/www.monikavizraeli.com\/index.php\/wp-json\/wp\/v2\/users\/1"}],"replies":[{"embeddable":true,"href":"https:\/\/www.monikavizraeli.com\/index.php\/wp-json\/wp\/v2\/comments?post=2048"}],"version-history":[{"count":7,"href":"https:\/\/www.monikavizraeli.com\/index.php\/wp-json\/wp\/v2\/posts\/2048\/revisions"}],"predecessor-version":[{"id":2061,"href":"https:\/\/www.monikavizraeli.com\/index.php\/wp-json\/wp\/v2\/posts\/2048\/revisions\/2061"}],"wp:attachment":[{"href":"https:\/\/www.monikavizraeli.com\/index.php\/wp-json\/wp\/v2\/media?parent=2048"}],"wp:term":[{"taxonomy":"category","embeddable":true,"href":"https:\/\/www.monikavizraeli.com\/index.php\/wp-json\/wp\/v2\/categories?post=2048"},{"taxonomy":"post_tag","embeddable":true,"href":"https:\/\/www.monikavizraeli.com\/index.php\/wp-json\/wp\/v2\/tags?post=2048"}],"curies":[{"name":"wp","href":"https:\/\/api.w.org\/{rel}","templated":true}]}}