{"id":2008,"date":"2019-10-28T20:18:50","date_gmt":"2019-10-28T20:18:50","guid":{"rendered":"http:\/\/www.monikavizraeli.com\/?p=2008"},"modified":"2019-11-27T20:28:15","modified_gmt":"2019-11-27T20:28:15","slug":"nas-sukot-a-prazdniny","status":"publish","type":"post","link":"https:\/\/www.monikavizraeli.com\/index.php\/2019\/10\/28\/nas-sukot-a-prazdniny\/","title":{"rendered":"N\u00e1\u0161 Sukot a pr\u00e1zdniny"},"content":{"rendered":"\n<p>Blog pr\u00e1v\u011b oslavil dva roky existence a p\u0159esto je to poprv\u00e9, co se tu o Sukotu zmi\u0148uji. Prvn\u00ed rok jsem se v&nbsp;tom obdob\u00ed sna\u017eila tvo\u0159it vlastn\u00ed webov\u00e9 str\u00e1nky a na psan\u00ed \u010das nebyl. Loni jsme si p\u0159ivezli p\u0159esn\u011b v&nbsp;p\u0159edve\u010der Sukotu z&nbsp;porodnice dom\u016f Eitana. A i kdy\u017e jsem si \u00fapln\u011b jist\u00e1, \u017ee Giyora suku stav\u011bl, nem\u011bla jsem ani fotku, nato\u017e \u010dl\u00e1nek. A letos&#8230;  <\/p>\n\n\n\n<p>Letos to za\u010dalo skv\u011ble. Dopoledne\np\u0159ed Dnem sm\u00ed\u0159en\u00ed (Jom Kipur) jsme kluky vzali do Akka na h\u0159i\u0161t\u011b\na zrovna v&nbsp;jeho t\u011bsn\u00e9 bl\u00edzkosti odsek\u00e1vali list\u00ed datlov\u00fdch\npalem pro pot\u0159eby v\u0161ech, co se chystaj\u00ed stav\u011bt suku. Giyora\npohotov\u011b nalo\u017eil auto a\u017e po st\u0159echu a vzal to na oto\u010dku do Tal\nEl, kde palmov\u00e9 listy hodil na parkovi\u0161t\u011b p\u0159ed d\u016fm, a vr\u00e1til se\nzp\u00e1tky pro n\u00e1s. Liboval si, \u017ee to je prvn\u011b, co jich m\u00e1 tolik a\ntak p\u011bkn\u00e9. \n<\/p>\n\n\n\n<p>Kovovou obd\u00e9ln\u00edkovou konstrukci\nst\u00e1nku dva a p\u016fl na t\u0159i a p\u016fl metru smontoval hned po odchodu\nsv\u00e1tku Dne sm\u00ed\u0159en\u00ed, co\u017e bylo ve st\u0159edu v&nbsp;osm ve\u010der. Ve \u010dtvrtek\nr\u00e1no odjel na dvoudenn\u00ed na \u0161koln\u00ed v\u00fdlet a ve stavb\u011b suky\npokra\u010doval v&nbsp;p\u00e1tek po poledni, u\u017e za asistence Neva a Daniela,\nkte\u0159\u00ed maj\u00ed p\u00e1tky \u0161kolku do dvan\u00e1cti. Zaj\u00edmat je to p\u0159estalo\nve chv\u00edli, kdy jsem jim zak\u00e1zala pou\u017e\u00edvat t\u00e1tovu pilku a\nelektrickou vrta\u010dku. Zmizli od suky k&nbsp;jin\u00fdm \u010dinnostem a bylo to\njenom k&nbsp;dobru, proto\u017ee foukal siln\u00fd v\u00edtr a Giyorovi stihla prkna\nst\u0159echy p\u0159ed pe\u010dliv\u00fdm p\u0159iv\u00e1z\u00e1n\u00edm n\u011bkolikr\u00e1t popadat, tak\u017ee\nby b\u00fdvali je\u0161t\u011b mohli p\u0159ij\u00edt k&nbsp;\u00farazu. Celkov\u011b suka p\u016fsobila\nnestabiln\u011b, a\u010d je ta \u017eelezn\u00e1 konstrukce p\u011bkn\u011b t\u011b\u017ek\u00e1. Giyora\nkonstatoval, \u017ee si nepamatuje, \u017ee by n\u011bkdy stav\u011bl suku v&nbsp;takov\u00e9m\nvichru. Ne\u017e za\u010dal \u0161abat, suka st\u00e1la, st\u0159echa dr\u017eela, \u017e\u00e1rovi\u010dky\nsv\u00edtily a velk\u00e1 pap\u00edrov\u00e1 duhov\u011b barevn\u00e1 kv\u011btina p\u0159\u00edmo proti\nvchodu do st\u00e1nku budila l\u017eiv\u00fd dojem, \u017ee je i vyzdoben\u00e1. Nebyla,\nstihli jsme nav\u011bsit jen \u010dty\u0159i mile k\u00fd\u010dovit\u00e9 dekorace, co Nevo a\nDaniel vyrobili ve \u0161kolk\u00e1ch. Dozdoben\u00ed bylo v&nbsp;pl\u00e1nu po \u0161abatu a\npo\u0159\u00edzen\u00ed leh\u00e1tek, na kter\u00fdch by se v&nbsp;suce dalo sp\u00e1t, tak\u00e9.\nNepamatuji si, jestli to span\u00ed je p\u0159ik\u00e1zan\u00e9, ale Giyora se na to\nchystal a kluci se samoz\u0159ejm\u011b cht\u011bli p\u0159idat.<\/p>\n\n\n\n<p>Rekvizity nutn\u00e9 pro sukot jsme po\u0159\u00eddili s&nbsp;p\u0159edstihem a v&nbsp;setu dostali t\u0159i v\u011btvi\u010dky myrty (hadas), t\u0159i v\u011btvi\u010dky vrby (arava), nejmlad\u0161\u00ed (je\u0161t\u011b uzav\u0159en\u00fd) list datlov\u00e9 palmy coby lulav a mal\u00fd plod citrusov\u00e9 rostliny cedr\u00e1tu (etrog). Proto\u017ee jedeme v&nbsp;\u00fasporn\u00e9m m\u00f3du, vybrali jsme si z&nbsp;dvou variant nab\u00edzen\u00fdch u n\u00e1s v&nbsp;Tal El tu levn\u011bj\u0161\u00ed, za \u0161edes\u00e1t \u0161ekel\u016f. V&nbsp;porovn\u00e1n\u00ed s&nbsp;tou za stovku, co jsme m\u011bli loni, byl etrog mysl\u00edm v\u00fdznamn\u011b men\u0161\u00ed. Se v\u0161\u00edm t\u00edm list\u00edm a citrusem ve speci\u00e1ln\u00edm pouzd\u0159e se p\u0159es Sukot chlapi chod\u00ed do synagogy modlit.  <\/p>\n\n\n\n<p>Sukot trv\u00e1 sedm dn\u00ed. Prvn\u00ed den je sv\u00e1tek, ostatn\u00ed jsou pracovn\u00ed dny. Na Sukot navazuje Simchat T\u00f3ra, co\u017e je zas sv\u00e1tek. Po \u010das Sukotu a je\u0161t\u011b den po Simchat T\u00f3ra maj\u00ed d\u011bti pr\u00e1zdniny. V&nbsp;praxi to pro n\u00e1s letos znamenalo b\u011bhem t\u00fddne a p\u016fl dva \u0161abaty, dva sv\u00e1tky a \u0161est voln\u00fdch dn\u016f, kdy\u017e po\u010d\u00edt\u00e1m i p\u00e1tek, kdy je to ale v\u00edc o p\u0159\u00edprav\u00e1ch na \u0161abat ne\u017e volnu. O sv\u00e1tku pro n\u00e1s plat\u00ed stejn\u00e1 omezen\u00ed jako o \u0161abatu s&nbsp;rozd\u00edlem, \u017ee se m\u016f\u017ee p\u0159en\u00e1\u0161et ohe\u0148, co\u017e znamen\u00e1, \u017ee od zap\u00e1len\u00e9 sv\u00ed\u010dky si m\u016f\u017eeme na zahr\u00e1dce grilovat. No prost\u011b celkem \u010dty\u0159i dny, kdy se nem\u016f\u017eeme hnout z&nbsp;Tal El a nem\u016f\u017eeme d\u011blat nic ne\u017e si hr\u00e1t s&nbsp;d\u011btmi, j\u00edst, \u010d\u00edst si, pov\u00eddat a odpo\u010d\u00edvat, kdy\u017e to d\u011bti dovol\u00ed. B\u011bhem zbyl\u00fdch voln\u00fdch dn\u016f jsme pot\u0159ebovali stihnout dv\u011b oslavy narozenin, nutn\u00e9 pr\u00e1ce doma a na zahrad\u011b, n\u00e1v\u0161t\u011bvu u Nevova spolu\u017e\u00e1ka ze \u0161kolky a vyrazit n\u011bkam na v\u00fdlet.  <\/p>\n\n\n\n<p>Prvn\u00ed Eitanovy narozeniny a Yahavovy\n(Giyor\u016fv druhorozen\u00fd) devaten\u00e1ct\u00e9 jsme oslavili odpoledne p\u0159ed\nve\u010derem Sukotu. Krom\u011b n\u00e1s, oslavenc\u016f a jejich bratr\u016f se p\u0159idala\nje\u0161t\u011b tchyn\u011b. Host\u00e9 odch\u00e1zeli kr\u00e1tce p\u0159ed za\u010d\u00e1tkem sv\u00e1tku,\nkolem p\u00e1t\u00e9, kdy se Giyora u\u017e chystal do synagogy. P\u0159ipom\u00edn\u00e1m,\n\u017ee dny v&nbsp;judaismu za\u010d\u00ednaj\u00ed ve\u010derem. V&nbsp;den, kdy se ve\u010der sv\u00e1tek\nslav\u00ed, se pracuje jen dopoledne nebo v\u016fbec, co\u017e vtipn\u011b natahuje\njak\u00fdkoliv sv\u00e1tek v&nbsp;Izraeli na den a p\u016fl a\u017e dva dny pracovn\u00edho\nvolna. O sv\u00e1tc\u00edch b\u00fdvaj\u00ed modlitby v\u017edy del\u0161\u00ed, a\u010d to nikdy\nnen\u00ed takov\u00fd z\u00e1hul jako na Den sm\u00ed\u0159en\u00ed. Man\u017eel se mi vr\u00e1til v\np\u016fl dev\u00e1t\u00e9, kdy u\u017e v\u0161echny d\u011bti spaly. My se pokusili studovat\nz&nbsp;bro\u017eurky o Sukotu, ale Giyora usnul po t\u0159et\u00ed v\u011bt\u011b. Aby ne,\nn\u00e1ro\u010dn\u00fd den to byl. \n<\/p>\n\n\n\n<p>I rann\u00ed modlitba trvala d\u00e9le ne\u017e o\n\u0161abatu a man\u017eel p\u0159i\u0161el dom\u016f kr\u00e1tce p\u0159ed polednem. Tal El byl\nnezvykle tich\u00fd. Krom\u011b toho, \u017ee v\u011bt\u0161ina obyvatel odjela n\u011bkam\npry\u010d, ani vzduch se neh\u00fdbal. \u017de je to ticho p\u0159ed bou\u0159\u00ed n\u00e1m\ndo\u0161lo, a\u017e kdy\u017e jsme po setm\u011bn\u00ed na \u010dern\u00e9\nobloze v&nbsp;d\u00e1li zaregistrovali blesky. \n<\/p>\n\n\n\n<p>Ne\u017e jsem \u0161la sp\u00e1t, z\u00e1libn\u011b jsem se p\u0159es francouzsk\u00e9 okno z&nbsp;ob\u00fdv\u00e1ku zahled\u011bla do na\u0161\u00ed spo\u0159e vyzdoben\u00e9 suky. Sv\u00edtilo v&nbsp;n\u00ed siln\u00e9 sv\u011btlo a oza\u0159ovalo b\u00edle prost\u0159en\u00fd st\u016fl, na kter\u00e9m jsme hodinu po setm\u011bn\u00ed \u017eehnali nad v\u00ednem. Potla\u010dila jsem nutk\u00e1n\u00ed vyj\u00edt ven do noci si to vyfotit. Bohu\u017eel&#8230;<br>V \u00fater\u00fd r\u00e1no jsme se probudili v&nbsp;\u0161est, pravd\u011bpodobn\u011b horkem, proto\u017ee nefungovala klimatizace. Giyora sebejist\u011b vyrazil k&nbsp;pojistk\u00e1m v&nbsp;domn\u011bn\u00ed, \u017ee v&nbsp;noci ur\u010dit\u011b spadlo p\u00e1r kapek a sv\u011btlo v&nbsp;suce zkratovalo. N\u011bco zkratovalo, ale nebylo to u n\u00e1s a nejsp\u00ed\u0161 za to mohl v\u00edtr a ne d\u00e9\u0161\u0165. Elekt\u0159inu nem\u011bla cel\u00e1 vesnice a je\u0161t\u011b t\u0159i okoln\u00ed. V&nbsp;noci \u0159\u00e1dily bou\u0159ky a i kdy\u017e v&nbsp;Tal El a okol\u00ed nespadla ani kapka, vichr zp\u016fsobil slu\u0161n\u00fd nad\u011blen\u00ed. \u017delezn\u00e1 konstrukce na\u0161eho st\u00e1nku byla k\u0159iv\u00e1 a na n\u011bkolika m\u00edstech se spoje vyh\u00e1kly. Kdy\u017e elekt\u0159ina nebyla ani v&nbsp;osm, jak slibovala na hotline elektr\u00e1rna, Giyora narychlo p\u0159iv\u00e1zal suku k&nbsp;z\u00e1bradl\u00ed, \u017ee to zkus\u00ed d\u00e1t dohromady, a\u017e se vr\u00e1t\u00edme, a vyrazili jsme s&nbsp;d\u011btmi na v\u00fdlet. Ne\u017e se dostal k&nbsp;oprav\u011b, p\u0159ihnala se dal\u0161\u00ed bou\u0159ka a nezbylo mu, ne\u017e to fofrem rozebrat, aby to nikoho nep\u0159izabilo. A Sukot d\u00e1l pokra\u010doval bez suky, co\u017e je asi podobn\u011b smutn\u00e9, jako V\u00e1noce bez strome\u010dku. \u0160kody na konstrukci se uk\u00e1zaly jako neopraviteln\u00e9, \u010dili smontovat by to znovu ne\u0161lo ani kdyby na to Giyora m\u011bl n\u00e1ladu, co\u017e nem\u011bl. Ale tak jsme se aspo\u0148 kone\u010dn\u011b definitivn\u011b zbavili maracuji, se kterou by se Giyora nerval, kdyby tam st\u00e1la suka. M\u00edsto uschl\u00e9ho k\u0159ov\u00ed, co se n\u00e1m dote\u010f staralo o soukrom\u00ed, te\u010f vid\u00edme ulici a sousedy odnaproti. Hm&#8230; Te\u010f \u010d\u00edm to  zas nechat zar\u016fst, aby to bylo rychle, ale zas ne tak brut\u00e1ln\u011b rychle jako tou maracujou.  <\/p>\n\n\n\n<p>\nPo\nt\u0159ech m\u011bs\u00edc\u00edch jsme domalovali ob\u00fdv\u00e1k, sl\u00e1va. Nicm\u00e9n\u011b st\u00e1le\nnen\u00ed v&nbsp;publikovateln\u00e9m stavu (te\u010f po t\u00e9 s\u00e9rii sv\u00e1tk\u016f extra\nne),  tak\u017ee v\u00e1m ho nevyfot\u00edm. Snad na Pesach :-).<\/p>\n\n\n\n<p> \u017de jsme byli o Sukotu kempovat v&nbsp;Chur\u0161at Tal jsem se u\u017e rozepsala v&nbsp;samostatn\u00e9m \u010dl\u00e1nku, tak tady je\u0161t\u011b zm\u00edn\u00edm n\u00e1v\u0161t\u011bvu Tchelet parku ve Tzfatu. P\u0159ijeli jsme d\u0159\u00edv ne\u017e se to tam nahoufovalo a stihli si u\u017e\u00edt relativn\u011b v&nbsp;kl\u00eddku milou aktivitu, kterou si tam pro d\u011bti p\u0159ipravili \u2013 tvo\u0159en\u00ed ze \u0161i\u0161ek, klac\u00edk\u016f, \u017ealud\u016f, such\u00fdch kv\u011bt\u016f a dal\u0161\u00edch poklad\u016f p\u0159\u00edrody. Sice tvo\u0159il Giyora s\u00e1m, Daniel a Nevo se z\u00e1jmem p\u0159ihl\u00ed\u017eeli a Eitana, kter\u00e9ho to nezaj\u00edmalo v\u016fbec, jsem musela vz\u00edt na obhl\u00e9dnut\u00ed m\u00edstn\u00ed suky, ale n\u00e1pad to byl p\u011bknej. Byla tam i aktivita i pro dosp\u011bl\u00e9 &#8211; kv\u00edz, ve kter\u00e9m jsme s&nbsp;Giyorou vyho\u0159eli i u  t\u011bch \u010dty\u0159 ot\u00e1zek, co n\u00e1s d\u011bti s&nbsp;\u00fatrapami nechaly odpov\u011bd\u011bt. Ale ud\u011blali n\u00e1m tam slu\u0161nou rodinnou fotku, kter\u00e1 se dokonce objevila na webu nej\u010dten\u011bj\u0161\u00edho zpravodajstv\u00ed v&nbsp;Izraeli. Jsme slavn\u00fd, hehe.  <\/p>\n\n\n\n<p>No a na\u0161e obl\u00edben\u00e1 pl\u00e1\u017e Argaman v&nbsp;Akku, tu jsme nemohli vynechat. P\u0159esto, \u017ee na n\u00ed m\u016fj mu\u017e coby ortodoxn\u00ed \u017eid nem\u00e1, co d\u011blat. A neomlouv\u00e1 ho ani fakt, \u017ee i kdyby ho n\u011bjak\u00fd \u017eensk\u00fd v&nbsp;plavk\u00e1ch zaj\u00edmaly, nem\u00e1 \u0161anci se pod\u00edvat, proto\u017ee mus\u00ed neust\u00e1le sledovat tu na\u0161\u00ed drobotinu. P\u00ed\u0161u to jen tak pro po\u0159\u00e1dek, aby bylo jasno, \u017ee v&nbsp;tomhle p\u0159\u00edkladn\u00ed nejsme.  <\/p>\n\n\n\n<p>Z\u00e1v\u011brem pr\u00e1zdnin Giyorovi odrovnaly z\u00e1da tane\u010dky se svitkem T\u00f3ry. S&nbsp;koncem Sukotu se do\u010detla posledn\u00ed para\u0161a (t\u00fddenn\u00ed odd\u00edl) z&nbsp;T\u00f3ry, kter\u00e1 uzav\u00edr\u00e1 knihu Deuterenomium (hebrejsky \u201eDvarim\u201c &#8211; slova). A za\u010d\u00edn\u00e1 se \u010d\u00edst znovu p\u011bkn\u011b od za\u010d\u00e1tku. Na sv\u00e1tek ve\u010der, druh\u00fd den kolem poledne v&nbsp;synagoze a je\u0161t\u011b jednou ve\u010der po skon\u010den\u00ed sv\u00e1tku na h\u0159i\u0161ti v&nbsp;Tal El za p\u0159\u00edtomnosti \u0161ir\u0161\u00ed ve\u0159ejnosti man\u017eel k\u0159ep\u010dil spolu s&nbsp;rab\u00ednem a chlap\u00edky ze synagogy asi p\u016fl hodiny se svitkem T\u00f3ry p\u0159i &#8222;hakafot&#8220;. \u017de se T\u00f3ra v&nbsp;synagoze \u010dte ze svitk\u016f se asi leckomu doneslo, ale nev\u00edm jak vy, j\u00e1 si pod pojmem svitek p\u0159edstav\u00edm n\u011bco jako p\u00e1r srolovan\u00fdch \u00e1 \u010dty\u0159ek. Nebo teda p\u0159edstavovala jsem si d\u0159\u00edv, ne\u017e jsem do synagogy za\u010dala chodit, a v\u016fbec se o judaismus zaj\u00edmat. Tu\u0161\u00edte spr\u00e1vn\u011b, nen\u00ed to tak. Poskakov\u00e1n\u00ed se svitkem T\u00f3ry v&nbsp;n\u00e1ru\u010d\u00ed vyd\u00e1 za solidn\u00ed aerobn\u00ed aktivitu s&nbsp;po\u0159\u00e1dnou z\u00e1t\u011b\u017e\u00ed. Velikost jednoho ze svitk\u016f ze synagogy v&nbsp;Tal El vid\u00edte na fotografii a p\u0159es to, \u017ee se Giyora sm\u011bje, je to pr\u00fd p\u011bkn\u011b t\u011b\u017ek\u00fd. A jestli to \u0159\u00edk\u00e1 m\u016fj mu\u017e, tak to teda t\u011b\u017ek\u00e9 v\u00e1\u017en\u011b je! Kdyby na\u0161i chlapci nebyli mrtv\u00ed \u00fanavou u\u017e od p\u016fl sedm\u00e9, b\u00fdvala bych se s&nbsp;t\u00edm na h\u0159i\u0161ti taky mohla vyblejsknout. Tak snad p\u0159\u00ed\u0161t\u00ed rok :-).  <\/p>\n\n\n\n[Not a valid template]\n","protected":false},"excerpt":{"rendered":"<p>Blog pr\u00e1v\u011b oslavil dva roky existence a p\u0159esto je to poprv\u00e9, co se tu o Sukotu zmi\u0148uji. Prvn\u00ed rok jsem se v&nbsp;tom obdob\u00ed sna\u017eila tvo\u0159it vlastn\u00ed webov\u00e9 str\u00e1nky a na psan\u00ed \u010das nebyl. Loni jsme si p\u0159ivezli p\u0159esn\u011b v&nbsp;p\u0159edve\u010der Sukotu z&nbsp;porodnice dom\u016f Eitana. A i kdy\u017e jsem si \u00fapln\u011b jist\u00e1, \u017ee Giyora suku stav\u011bl, nem\u011bla &hellip; <\/p>\n<p class=\"link-more\"><a href=\"https:\/\/www.monikavizraeli.com\/index.php\/2019\/10\/28\/nas-sukot-a-prazdniny\/\" class=\"more-link\">Pokra\u010dovat ve \u010dten\u00ed<span class=\"screen-reader-text\"> &#8222;N\u00e1\u0161 Sukot a pr\u00e1zdniny&#8220;<\/span><\/a><\/p>\n","protected":false},"author":1,"featured_media":0,"comment_status":"open","ping_status":"open","sticky":false,"template":"","format":"standard","meta":{"_monsterinsights_skip_tracking":false,"_monsterinsights_sitenote_active":false,"_monsterinsights_sitenote_note":"","_monsterinsights_sitenote_category":0,"ngg_post_thumbnail":0,"footnotes":""},"categories":[4,13,16],"tags":[],"class_list":["post-2008","post","type-post","status-publish","format-standard","hentry","category-blog","category-z-bezneho-zivota","category-zidovka-z-jiznaku"],"_links":{"self":[{"href":"https:\/\/www.monikavizraeli.com\/index.php\/wp-json\/wp\/v2\/posts\/2008","targetHints":{"allow":["GET"]}}],"collection":[{"href":"https:\/\/www.monikavizraeli.com\/index.php\/wp-json\/wp\/v2\/posts"}],"about":[{"href":"https:\/\/www.monikavizraeli.com\/index.php\/wp-json\/wp\/v2\/types\/post"}],"author":[{"embeddable":true,"href":"https:\/\/www.monikavizraeli.com\/index.php\/wp-json\/wp\/v2\/users\/1"}],"replies":[{"embeddable":true,"href":"https:\/\/www.monikavizraeli.com\/index.php\/wp-json\/wp\/v2\/comments?post=2008"}],"version-history":[{"count":3,"href":"https:\/\/www.monikavizraeli.com\/index.php\/wp-json\/wp\/v2\/posts\/2008\/revisions"}],"predecessor-version":[{"id":2090,"href":"https:\/\/www.monikavizraeli.com\/index.php\/wp-json\/wp\/v2\/posts\/2008\/revisions\/2090"}],"wp:attachment":[{"href":"https:\/\/www.monikavizraeli.com\/index.php\/wp-json\/wp\/v2\/media?parent=2008"}],"wp:term":[{"taxonomy":"category","embeddable":true,"href":"https:\/\/www.monikavizraeli.com\/index.php\/wp-json\/wp\/v2\/categories?post=2008"},{"taxonomy":"post_tag","embeddable":true,"href":"https:\/\/www.monikavizraeli.com\/index.php\/wp-json\/wp\/v2\/tags?post=2008"}],"curies":[{"name":"wp","href":"https:\/\/api.w.org\/{rel}","templated":true}]}}