{"id":1811,"date":"2019-08-05T13:47:28","date_gmt":"2019-08-05T13:47:28","guid":{"rendered":"http:\/\/www.monikavizraeli.com\/?p=1811"},"modified":"2019-08-05T13:47:28","modified_gmt":"2019-08-05T13:47:28","slug":"tri-tydny-smutku-u-erezu","status":"publish","type":"post","link":"https:\/\/www.monikavizraeli.com\/index.php\/2019\/08\/05\/tri-tydny-smutku-u-erezu\/","title":{"rendered":"T\u0159i t\u00fddny smutku u Erez\u016f"},"content":{"rendered":"\n<p>V\u0161echno v&nbsp;pohod\u011b u n\u00e1s, \u017e\u00e1dn\u00fd strachy! Akor\u00e1t se nach\u00e1z\u00edme v&nbsp;obdob\u00ed od 17.&nbsp;tamuzu do 9.&nbsp;avu. Ta divn\u00e1 slova za \u010d\u00edsly jsou n\u00e1zvy dvou po sob\u011b n\u00e1sleduj\u00edc\u00edch hebrejsk\u00fdch m\u011bs\u00edc\u016f. V&nbsp;t\u011bchto t\u0159ech t\u00fddnech se v&nbsp;historii \u017eid\u016f pod\u011blalo p\u00e1r z\u00e1sadn\u00edch v\u011bc\u00ed. Jednak sp\u00e1chali neodpustiteln\u00fd h\u0159\u00edch zlat\u00e9ho telete, kdy\u017e jim \u010dek\u00e1n\u00ed na n\u00e1vrat Moj\u017e\u00ed\u0161e z&nbsp;hory Sinaj p\u0159i\u0161lo moc dlouh\u00e9.  Moj\u017e\u00ed\u0161 rozho\u0159\u010den nebety\u010dn\u00fdm bl\u00e1znovstv\u00edm t\u00e9 bandy, kter\u00e1 b\u011bhem \u010dty\u0159iceti dn\u016f zapomn\u011bla na ned\u00e1vno vykonan\u00e9 z\u00e1zraky Nejvy\u0161\u0161\u00edho a klan\u00ed se n\u011bjak\u00e9 so\u0161e, ve vzteku rozfl\u00e1kal desti\u010dky s&nbsp;desaterem psan\u00fdm samotn\u00fdm Bohem.<\/p>\n\n\n\n<p>D\u00e1le byl v&nbsp;sedm\u00e9m stolet\u00ed p\u0159ed o. l. znesv\u011bcen Chr\u00e1m sochou pohansk\u00e9ho Boha (a um\u00edstili ho tam sami \u017eid\u00e9, jakoby nesta\u010dilo, \u017ee u\u017e nav\u017edycky budou platit za to tele). V&nbsp;prvn\u00edm stolet\u00ed p\u0159ed. o.l. p\u0159i obl\u00e9h\u00e1n\u00ed Chr\u00e1mu do\u0161ly ovce na ob\u011bti. A kone\u010dn\u011b v&nbsp;prvn\u00edm stolet\u00ed o. l., byly 17.&nbsp;tamuzu \u0158\u00edmany prolomeny hradby svat\u00e9ho m\u011bsta a ruinov\u00e1n\u00ed Jeruzal\u00e9ma pokra\u010dovalo a\u017e do 9.&nbsp;avu, kdy byl zni\u010den\u00fd druh\u00fd Chr\u00e1m. Z\u0159ejm\u011b i z&nbsp;jin\u00fdch d\u016fvod\u016f, ne\u017e aby se na tyhle pr\u016f\u0161vihy z&nbsp;historie n\u00e1hodou nezapomn\u011blo, ustanovili vzd\u011blan\u00ed tohle obdob\u00ed jako t\u0159i t\u00fddny smutku.  <\/p>\n\n\n\n<p>A co to pro n\u00e1s v&nbsp;praxi znamen\u00e1 te\u010f? Zji\u0161\u0165ujeme to postupn\u011b, proto\u017ee loni jsme kv\u016fli dovolen\u00e9 v&nbsp;\u010cech\u00e1ch pro\u0161vihli v&nbsp;kurzu gijuru lekce na dan\u00e9 t\u00e9ma. A podle toho, co si Giyora pamatuje z&nbsp;lekc\u00ed T\u00f3ry v&nbsp;Tal El, j\u00e1 z&nbsp;p\u00e1r letm\u00fdch hovor\u016f s&nbsp;pan\u00ed rab\u00ednovou, a podle toho, co n\u00e1m \u0159\u00edk\u00e1 Google, v\u00edme zat\u00edm \u017ee:<\/p>\n\n\n\n<ul class=\"wp-block-list\"><li>krom\u011b \u0161abat\u016f nesm\u00edme j\u00edst\n\tmaso a p\u00edt v\u00edno\n\t<\/li><li>nesm\u00edme se nechat ost\u0159\u00edhat a\n\tchlapi holit\n\t<\/li><li>nesm\u00edme si vyjet na rodinnou\n\tdovolenou n\u011bkam do hotelu\n\t<\/li><li>nem\u00e1me doma nic stav\u011bt, budovat,\n\trekonstruovat ani malovat\n\t<\/li><li>nesm\u00edme si u\u017e\u00edvat vodn\u00edch\n\thr\u00e1tek\n\t<\/li><li>nesm\u00ed se poslouchat vesel\u00e1\n\tmuzika\n\t<\/li><li>nesm\u00ed se po\u0159izovat nov\u00e9\n\toble\u010den\u00ed\n\t<\/li><li>nesm\u00ed se pr\u00e1t\n\tpr\u00e1dlo \n\t\n\t\n<\/li><\/ul>\n\n\n\n<p>Obecn\u011b se prost\u011b \u010dlov\u011bk nem\u00e1\nrozmazlovat a veselit, proto\u017ee se to neslu\u0161\u00ed, nem\u00e1 d\u011blat nic moc\nnebezpe\u010dn\u00e9ho, proto\u017ee by se mu mohlo n\u011bco st\u00e1t, a nem\u00e1 nic\nbudovat, proto\u017ee by se to stejn\u011b nepovedlo. Nejp\u0159\u00edsn\u011bji to plat\u00ed\nna posledn\u00ed t\u00fdden, od 2.&nbsp;do 9.&nbsp;avu. Cel\u00e9 tr\u00e1pen\u00ed vyvrchol\u00ed\njednodenn\u00edm p\u016fstem, kter\u00fd n\u00e1s \u010dek\u00e1 po odchodu \u0161abatu. Teda\nrozhodn\u011b Giyoru. Jestli do toho p\u016fjdu taky si je\u0161t\u011b rozmysl\u00edm.\nCo v\u0161echno se m\u011blo dodr\u017eovat cel\u00e9 t\u0159i t\u00fddny si snad stihnem\nut\u0159\u00eddit do p\u0159\u00ed\u0161t\u00edho roku, ehm. Tentokr\u00e1t jsme zvl\u00e1dli jen to\nmaso a v\u00edno. \n<\/p>\n\n\n\n<p>P\u0159edev\u010d\u00edrem za\u010dal ten p\u0159\u00edsn\u00fd t\u00fdden a sna\u017e\u00edme se, jak v\u00edme a um\u00edme. Poda\u0159ilo se n\u00e1m p\u0159esunout dovolenou v&nbsp;pou\u0161ti, kterou jsme si nic netu\u0161\u00edc zarezervovali pr\u00e1v\u011b v&nbsp;t\u00e9 nejnevhodn\u011bj\u0161\u00ed dob\u011b. Giyora pozastavil malov\u00e1n\u00ed domu a p\u0159enastavil priority \u00fakol\u016f, kter\u00e9 cht\u011bl za pr\u00e1zdniny zvl\u00e1dnout. Vyhazovat, t\u0159\u00eddit a ni\u010dit se toti\u017e sm\u00ed a pr\u00e1ce toho druhu se u n\u00e1s taky dost najde. Mo\u017en\u00e1 kone\u010dn\u011b zmiz\u00ed zbyl\u00e1 maracuja a vyklid\u00edme bezpe\u010dnostn\u00ed m\u00edstnost :-). P\u0159ehodnotili jsme tr\u00e1ven\u00ed voln\u00e9ho \u010dasu s&nbsp;d\u011btmi. Na ty se smutn\u011bn\u00ed nevztahuje, ale k&nbsp;vod\u011b nem\u016f\u017eeme a nikam jinam do p\u0159\u00edrody v&nbsp;tom vedru nejde. Ale na\u0161li jsme toho dost, doma tr\u010det nebudeme. D\u011bti se mus\u00ed n\u011bkde vysk\u00e1kat nebo z&nbsp;toho p\u0159esko\u010d\u00ed n\u00e1m :-).<\/p>\n\n\n\n<figure class=\"wp-block-image\"><img loading=\"lazy\" decoding=\"async\" width=\"1024\" height=\"576\" src=\"http:\/\/www.monikavizraeli.com\/wp-content\/uploads\/2019\/08\/DSC_0143-1024x576.jpg\" alt=\"\" class=\"wp-image-1813\" srcset=\"https:\/\/www.monikavizraeli.com\/wp-content\/uploads\/2019\/08\/DSC_0143-1024x576.jpg 1024w, https:\/\/www.monikavizraeli.com\/wp-content\/uploads\/2019\/08\/DSC_0143-300x169.jpg 300w, https:\/\/www.monikavizraeli.com\/wp-content\/uploads\/2019\/08\/DSC_0143-768x432.jpg 768w\" sizes=\"auto, (max-width: 767px) 89vw, (max-width: 1000px) 54vw, (max-width: 1071px) 543px, 580px\" \/><figcaption>Daniel se \u0161el zahrabat<br><br><\/figcaption><\/figure>\n","protected":false},"excerpt":{"rendered":"<p>V\u0161echno v&nbsp;pohod\u011b u n\u00e1s, \u017e\u00e1dn\u00fd strachy! Akor\u00e1t se nach\u00e1z\u00edme v&nbsp;obdob\u00ed od 17.&nbsp;tamuzu do 9.&nbsp;avu. Ta divn\u00e1 slova za \u010d\u00edsly jsou n\u00e1zvy dvou po sob\u011b n\u00e1sleduj\u00edc\u00edch hebrejsk\u00fdch m\u011bs\u00edc\u016f. V&nbsp;t\u011bchto t\u0159ech t\u00fddnech se v&nbsp;historii \u017eid\u016f pod\u011blalo p\u00e1r z\u00e1sadn\u00edch v\u011bc\u00ed. Jednak sp\u00e1chali neodpustiteln\u00fd h\u0159\u00edch zlat\u00e9ho telete, kdy\u017e jim \u010dek\u00e1n\u00ed na n\u00e1vrat Moj\u017e\u00ed\u0161e z&nbsp;hory Sinaj p\u0159i\u0161lo moc dlouh\u00e9. Moj\u017e\u00ed\u0161 &hellip; <\/p>\n<p class=\"link-more\"><a href=\"https:\/\/www.monikavizraeli.com\/index.php\/2019\/08\/05\/tri-tydny-smutku-u-erezu\/\" class=\"more-link\">Pokra\u010dovat ve \u010dten\u00ed<span class=\"screen-reader-text\"> &#8222;T\u0159i t\u00fddny smutku u Erez\u016f&#8220;<\/span><\/a><\/p>\n","protected":false},"author":1,"featured_media":0,"comment_status":"open","ping_status":"open","sticky":false,"template":"","format":"standard","meta":{"_monsterinsights_skip_tracking":false,"_monsterinsights_sitenote_active":false,"_monsterinsights_sitenote_note":"","_monsterinsights_sitenote_category":0,"ngg_post_thumbnail":0,"footnotes":""},"categories":[4,16],"tags":[],"class_list":["post-1811","post","type-post","status-publish","format-standard","hentry","category-blog","category-zidovka-z-jiznaku"],"_links":{"self":[{"href":"https:\/\/www.monikavizraeli.com\/index.php\/wp-json\/wp\/v2\/posts\/1811","targetHints":{"allow":["GET"]}}],"collection":[{"href":"https:\/\/www.monikavizraeli.com\/index.php\/wp-json\/wp\/v2\/posts"}],"about":[{"href":"https:\/\/www.monikavizraeli.com\/index.php\/wp-json\/wp\/v2\/types\/post"}],"author":[{"embeddable":true,"href":"https:\/\/www.monikavizraeli.com\/index.php\/wp-json\/wp\/v2\/users\/1"}],"replies":[{"embeddable":true,"href":"https:\/\/www.monikavizraeli.com\/index.php\/wp-json\/wp\/v2\/comments?post=1811"}],"version-history":[{"count":1,"href":"https:\/\/www.monikavizraeli.com\/index.php\/wp-json\/wp\/v2\/posts\/1811\/revisions"}],"predecessor-version":[{"id":1815,"href":"https:\/\/www.monikavizraeli.com\/index.php\/wp-json\/wp\/v2\/posts\/1811\/revisions\/1815"}],"wp:attachment":[{"href":"https:\/\/www.monikavizraeli.com\/index.php\/wp-json\/wp\/v2\/media?parent=1811"}],"wp:term":[{"taxonomy":"category","embeddable":true,"href":"https:\/\/www.monikavizraeli.com\/index.php\/wp-json\/wp\/v2\/categories?post=1811"},{"taxonomy":"post_tag","embeddable":true,"href":"https:\/\/www.monikavizraeli.com\/index.php\/wp-json\/wp\/v2\/tags?post=1811"}],"curies":[{"name":"wp","href":"https:\/\/api.w.org\/{rel}","templated":true}]}}