{"id":1694,"date":"2019-07-28T20:16:41","date_gmt":"2019-07-28T20:16:41","guid":{"rendered":"http:\/\/www.monikavizraeli.com\/?p=1694"},"modified":"2019-07-29T18:45:06","modified_gmt":"2019-07-29T18:45:06","slug":"erezovic-mispoche-na-cestach-i-ein-yahav-a-cesta-do-eilatu","status":"publish","type":"post","link":"https:\/\/www.monikavizraeli.com\/index.php\/2019\/07\/28\/erezovic-mispoche-na-cestach-i-ein-yahav-a-cesta-do-eilatu\/","title":{"rendered":"Minidovolen\u00e1 na jihu &#8211; Ein Yahav a cesta do Eilatu"},"content":{"rendered":"\n<p>V\u00fdlet, kone\u010dn\u011b zase :-). A ne jen tak ledajak\u00fd! Loni n\u00e1m l\u00e9to zabrala dovolen\u00e1 v&nbsp;\u010cech\u00e1ch a na ka\u017edoro\u010dn\u00ed n\u00e1v\u0161t\u011bvu milovan\u00e9ho izraelsk\u00e9ho jihu nedostalo. Letos, \u010dili po t\u00e9m\u011b\u0159 dvoulet\u00e9 pauze, jsme to museli napravit. Nevo si tu posledn\u00ed nepamatuje v\u016fbec a Daniel mo\u017en\u00e1 n\u011bco sem tam matn\u011b. Tak\u017ee ur\u010dit\u011b nebylo na \u0161kodu si to zop\u00e1knout. Cesta do mo\u0161avu Ein Yahav n\u00e1m zabrala skoro p\u011bt hodin s&nbsp;dv\u011bma zast\u00e1vkami a p\u016flhodinov\u00fdm z\u00e1sekem za \u010derstvou nehodou. \u010cist\u00e1 doba j\u00edzdy t\u0159i a p\u016fl. Spali v\u0161ichni v\u0161eho v\u0161udy tak hodinku. Na posledn\u00ed kritick\u00fd \u00fasek jsme vytasili nabit\u00e9 tablety a Eitan se kupodivu nechal uplatit r\u00fd\u017eov\u00fdm krekrem. Takhle v&nbsp;pohod\u011b jsem to ne\u010dekala ani v&nbsp;nejlep\u0161\u00edch p\u0159edstav\u00e1ch, B\u016fh zjevn\u011b na\u0161i modlitbu na cestu vysly\u0161el. <\/p>\n\n\n\n<p>Baz\u00e9n v&nbsp;mo\u0161avu, kter\u00fd obyvatel\u00e9 chatek \u201eMatmon beArava\u201c mohou vyu\u017e\u00edvat, funguje a\u017e do sedmi. Na vodn\u00ed hr\u00e1tky tak zbyly t\u00e9m\u011b\u0159 dv\u011b hodiny, kter\u00e9 jsme ani nevyu\u017eili cel\u00e9. V&nbsp;kr\u00e1sn\u00e9 d\u0159ev\u011bn\u00e9 patrov\u00e9 chati\u010dce, kde to v&nbsp;tom vedru von\u011blo jak v&nbsp;saun\u011b, kluci je\u0161t\u011b p\u0159ed span\u00edm prubli v\u00ed\u0159ivku. Giyora se zhostil p\u0159\u00edpravy ve\u010de\u0159e a po bleskov\u00e9m n\u00e1kupu nah\u00e1zel na gril p\u0159ed chatkou kebaby a ku\u0159ec\u00ed stehenn\u00ed \u0159\u00edzky s&nbsp;kost\u00ed. Daniel a Nevo zkoumali m\u00edstn\u00ed atrakce a j\u00e1 na n\u011b dohl\u00ed\u017eela z&nbsp;okna, zat\u00edmco Eitan rejdil po chatce. Ve\u010de\u0159e skv\u011bl\u00e1, \u00factyhodn\u011b hodoval i Eitan. Idylka prost\u011b.  <\/p>\n\n\n\n<p>R\u00e1no si kluci pro velk\u00fd \u00fasp\u011bch zopakovali v\u00ed\u0159ivku a stihli znovu proj\u00edt atrakce je\u0161t\u011b za denn\u00edho sv\u011btla, ne\u017e jsme se vydali na pokra\u010dov\u00e1n\u00ed cesty na jih. Kdybychom t\u011bch stopades\u00e1t kil\u00e1k\u016f do Eilatu dali rovnou, dostaneme se tam p\u0159\u00edli\u0161 brzy na to, abychom hned dostali v&nbsp;hotelu pokoj, \u010dili jsme si napl\u00e1novali zast\u00e1vku v&nbsp;Yotvet\u011b v&nbsp;safari. Mlad\u0161\u00ed d\u011bti usnuly hned. Daniel p\u00e1r minut znud\u011bn\u011b sledoval monot\u00f3nn\u00ed cestu pou\u0161t\u00ed a na rozd\u00edl ode m\u011b na n\u00ed neshled\u00e1val nic zaj\u00edmav\u00e9ho. N\u00e1m s&nbsp;Giyorou se po pou\u0161ti st\u00fdskalo, tak jsme vyu\u017eili situace a st\u0159ihli si se sp\u00edc\u00edm\u00ed prcky zaj\u00ed\u017e\u010fku do arm\u00e1dn\u00ed tr\u00e9ninkov\u00e9 z\u00f3ny. Krom\u011b barevn\u00fdch p\u00edse\u010dn\u00fdch kope\u010dk\u016f jsme si tak mohli vyfotit cedule upozor\u0148uj\u00edc\u00ed na st\u0159elbu a prachov\u00e9 mraky od tank\u016f. Tanky jsme sice vid\u011bli, ale opu\u0161t\u011bn\u00e9. Bylo extr\u00e9mn\u00ed vedro a je\u0161t\u011b poledne, tak\u017ee voj\u00e1ci m\u011bli asi u\u017e d\u00e1vno dotr\u00e9nov\u00e1no. Kousek p\u0159ed n\u00e1vratem na trasu jsem v&nbsp;tom pa\u0159\u00e1ku je\u0161t\u011b cupitala vyfotit geologickou ze\u010f, jak ten kus kopce Giyora ozna\u010dil. Jestli se to tak jmenuje v\u00e1\u017en\u011b, to netu\u0161\u00edm, ale pr\u00fd se tam sj\u00ed\u017ed\u00ed geologov\u00e9 z&nbsp;cel\u00e9ho sv\u011bta a zkoumaj\u00ed vrstvy.  <\/p>\n\n\n\n<p>\nD\u011bti\nse podle pl\u00e1nu probudily a\u017e u safari v&nbsp;Yotvet\u011b.  Zv\u00ed\u0159\u00e1tek tam\nnen\u00ed moc druh\u016f, ale \u010dlov\u011bk se nenud\u00ed. O z\u00e1bavu se staraj\u00ed\nhlavn\u011b p\u0161trosi drze se p\u0159ibli\u017euj\u00edc\u00ed a\u017e k&nbsp;aut\u016fm s&nbsp;naprosto\nbezosty\u0161nou snahou uklovnout cokoliv, t\u0159eba zelenou zn\u00e1mku z\ntechnick\u00e9. Doporu\u010den\u00ed neotev\u00edrat ok\u00fdnka m\u00e1 rozhodn\u011b svoje\nod\u016fvodn\u011bn\u00ed. \n<\/p>\n\n\n\n<p>\nOdtamtud\nu\u017e to do Eilatu bylo m\u00e9n\u011b ne\u017e p\u016fl hodiny. Znaveni z&nbsp;dlouh\u00e9\ncesty a z\u00e1\u017eitk\u016f ze safari jsme kolem druh\u00e9 odpoledn\u00ed dorazili na\nhotel. Hotel Reef je d\u00e1l od centra, po cest\u011b k&nbsp;hranici s&nbsp;Egyptem,\np\u0159\u00edmo na&nbsp;b\u0159ehu mo\u0159e, kous\u00ed\u010dek od\natraktivn\u00ed pl\u00e1\u017ee Coral Beach. Stejn\u011b jako dva roky p\u0159ed t\u00edm\njsme neriskovali pokoj v&nbsp;p\u0159\u00edzem\u00ed s&nbsp;balkonem s&nbsp;p\u0159\u00edm\u00fdm p\u0159\u00edstupem\ndo baz\u00e9nu. I kdy\u017e dva star\u0161\u00ed kluci u\u017e by tam bez dovolen\u00ed asi\nnesko\u010dili, necht\u011bli jsme si zbyte\u010dn\u011b nakl\u00e1dat na bedra starosti\ns&nbsp;t\u00edm, jestli d\u016fsledn\u011b zav\u00edraj\u00ed dve\u0159e kv\u016fli miminu, co\u017e by\nzcela ur\u010dit\u011b nezav\u00edrali. Jako obvykle jsme m\u011bnili pokoj, cht\u011bli\njsme vanu a v&nbsp;tom, co n\u00e1m podstr\u010dili prvn\u011b, byl jenom sprch\u00e1\u010d. S\nvanou byl i hez\u010d\u00ed v\u00fdhled na mo\u0159e a na dva priv\u00e1tn\u00ed baz\u00e9nky VIP\napartm\u00e1n\u016f pod n\u00e1mi. Jeden z&nbsp;nich byl voln\u00fd a za vst\u0159\u00edcnou cenu\np\u011bti tis\u00edc \u0161ekel\u016f na dv\u011b noci n\u00e1m ho na recepci ochotn\u011b\nnab\u00edzeli. No neberte to, \u017ee. No nevzali jsme. Je\u0161t\u011b aby n\u00e1m tak\nza tu cenu st\u00e1ly na balkon\u011b nad hlavami dv\u011b otravn\u00fd d\u011bti a\nbombardovaly n\u00e1s ot\u00e1zkami a informacemi o tom, kam se chyst\u00e1me a\n\u017ee t\u00e1ta je zrovna na z\u00e1chod\u011b a tak. Jako to d\u011blaly ty na\u0161e&#8230;\nNa\u0161t\u011bst\u00ed obyvatel\u00e9 obsazen\u00e9ho apartm\u00e1nu nerozum\u011bli hebrejsky,\nto n\u00e1m v\u0161em dost usnad\u0148ovalo situaci. A tak\u00e9 to, \u017ee v&nbsp;hotelu\njsme moc nepobyli a kdy\u017e u\u017e, kluci m\u011bli povolenou televizi nebo\ntablety.<\/p>\n\n\n\n<p>Ten den jsme stihli nakouknout do Rud\u00e9ho mo\u0159e, kluci s&nbsp;pot\u00e1p\u011b\u010dsk\u00fdmi br\u00fdlemi, okusit hotelov\u00fd baz\u00e9n a po tom v\u0161em jsme je\u0161t\u011b m\u011bli velkou odvahu (nebo tak velk\u00fd hlad mo\u017en\u00e1), \u017ee jsme za\u0161li na ve\u010de\u0159i do restaurace. Na po\u010dtu t\u0159\u00ed d\u011bt\u00ed je dobr\u00fd to, \u017ee u\u017e v\u00e1\u017en\u011b v\u016fbec nest\u00edh\u00e1te p\u0159em\u00fd\u0161let nad t\u00edm, co si o v\u00e1s kdo pomysl\u00ed :-). Ano, byl to mazec, ale zas \u017e\u00e1dn\u00e1 super trag\u00e9die. A najedli jsme se v\u0161ichni skv\u011ble (a z\u0159ejm\u011b je\u0161t\u011b dost zv\u00ed\u0159\u00e1tek a hmyzu na podlaze po n\u00e1s :D).<\/p>\n\n\n\n[Not a valid template]\n","protected":false},"excerpt":{"rendered":"<p>V\u00fdlet, kone\u010dn\u011b zase :-). A ne jen tak ledajak\u00fd! Loni n\u00e1m l\u00e9to zabrala dovolen\u00e1 v&nbsp;\u010cech\u00e1ch a na ka\u017edoro\u010dn\u00ed n\u00e1v\u0161t\u011bvu milovan\u00e9ho izraelsk\u00e9ho jihu nedostalo. Letos, \u010dili po t\u00e9m\u011b\u0159 dvoulet\u00e9 pauze, jsme to museli napravit. Nevo si tu posledn\u00ed nepamatuje v\u016fbec a Daniel mo\u017en\u00e1 n\u011bco sem tam matn\u011b. Tak\u017ee ur\u010dit\u011b nebylo na \u0161kodu si to zop\u00e1knout. Cesta &hellip; <\/p>\n<p class=\"link-more\"><a href=\"https:\/\/www.monikavizraeli.com\/index.php\/2019\/07\/28\/erezovic-mispoche-na-cestach-i-ein-yahav-a-cesta-do-eilatu\/\" class=\"more-link\">Pokra\u010dovat ve \u010dten\u00ed<span class=\"screen-reader-text\"> &#8222;Minidovolen\u00e1 na jihu &#8211; Ein Yahav a cesta do Eilatu&#8220;<\/span><\/a><\/p>\n","protected":false},"author":1,"featured_media":0,"comment_status":"open","ping_status":"open","sticky":false,"template":"","format":"standard","meta":{"_monsterinsights_skip_tracking":false,"_monsterinsights_sitenote_active":false,"_monsterinsights_sitenote_note":"","_monsterinsights_sitenote_category":0,"ngg_post_thumbnail":0,"footnotes":""},"categories":[4,14],"tags":[],"class_list":["post-1694","post","type-post","status-publish","format-standard","hentry","category-blog","category-vylety"],"_links":{"self":[{"href":"https:\/\/www.monikavizraeli.com\/index.php\/wp-json\/wp\/v2\/posts\/1694","targetHints":{"allow":["GET"]}}],"collection":[{"href":"https:\/\/www.monikavizraeli.com\/index.php\/wp-json\/wp\/v2\/posts"}],"about":[{"href":"https:\/\/www.monikavizraeli.com\/index.php\/wp-json\/wp\/v2\/types\/post"}],"author":[{"embeddable":true,"href":"https:\/\/www.monikavizraeli.com\/index.php\/wp-json\/wp\/v2\/users\/1"}],"replies":[{"embeddable":true,"href":"https:\/\/www.monikavizraeli.com\/index.php\/wp-json\/wp\/v2\/comments?post=1694"}],"version-history":[{"count":3,"href":"https:\/\/www.monikavizraeli.com\/index.php\/wp-json\/wp\/v2\/posts\/1694\/revisions"}],"predecessor-version":[{"id":1807,"href":"https:\/\/www.monikavizraeli.com\/index.php\/wp-json\/wp\/v2\/posts\/1694\/revisions\/1807"}],"wp:attachment":[{"href":"https:\/\/www.monikavizraeli.com\/index.php\/wp-json\/wp\/v2\/media?parent=1694"}],"wp:term":[{"taxonomy":"category","embeddable":true,"href":"https:\/\/www.monikavizraeli.com\/index.php\/wp-json\/wp\/v2\/categories?post=1694"},{"taxonomy":"post_tag","embeddable":true,"href":"https:\/\/www.monikavizraeli.com\/index.php\/wp-json\/wp\/v2\/tags?post=1694"}],"curies":[{"name":"wp","href":"https:\/\/api.w.org\/{rel}","templated":true}]}}