{"id":1625,"date":"2019-06-02T11:39:14","date_gmt":"2019-06-02T11:39:14","guid":{"rendered":"http:\/\/www.monikavizraeli.com\/?p=1625"},"modified":"2019-06-02T11:39:14","modified_gmt":"2019-06-02T11:39:14","slug":"nedelni-rano-na-plazi-v-kyriat-chaim","status":"publish","type":"post","link":"https:\/\/www.monikavizraeli.com\/index.php\/2019\/06\/02\/nedelni-rano-na-plazi-v-kyriat-chaim\/","title":{"rendered":"Ned\u011bln\u00ed r\u00e1no na pl\u00e1\u017ei v&nbsp;Kyriat Chaim"},"content":{"rendered":"\n<p>Ned\u011bln\u00ed r\u00e1no, Neva jsme akor\u00e1t odvezli do \u0161kolky a Eitan sp\u00ed v&nbsp;aut\u011b. Co s&nbsp;na\u010dat\u00fdm dnem. Jestli se vr\u00e1t\u00edm dom\u016f, budu cel\u00e9 dopoledne v&nbsp;pat\u00e1ch j\u00e1 jemu nebo on mn\u011b a stejn\u011b nic neud\u011bl\u00e1m. Nav\u00edc m\u00e1 i po t\u00fddnu po\u0159\u00e1d nudli. Tak\u017ee&#8230; Kam dneska sko\u010d\u00edme k&nbsp;mo\u0159i, ne\u017e slun\u00ed\u010dko za\u010dne p\u00e1lit tak, \u017ee p\u0159ed n\u00edm budeme muset prchnout? Kyriat Chaim. Dal\u0161\u00ed pl\u00e1\u017e s&nbsp;Haifou v&nbsp;dohledu. Ono u n\u00e1s na severu m\u00e1 Haifu v&nbsp;dohledu asi ka\u017ed\u00e1 pl\u00e1\u017e, hehe. Promen\u00e1da v&nbsp;Kyriat Chaim m\u00e1 ur\u010dit\u011b v\u00edc ne\u017e kil\u00e1k, je tam m\u00e9n\u011b m\u00edst k&nbsp;sezen\u00ed a \u017e\u00e1dn\u00e9 stolky. Mo\u017en\u00e1 proto tak\u00e9 skoro \u017e\u00e1dn\u00ed d\u016fchodci. Za to spousta sportovc\u016f  a pejska\u0159\u016f. I kdy\u017e v\u011b\u017e plav\u010d\u00edka hl\u00e1sala \u010dervenou vlajku, vodn\u00ed nad\u0161enci se vrhali do vln a plav\u010d\u00edk neust\u00e1le n\u011bkoho napom\u00ednal, a\u0165 se vr\u00e1t\u00ed ke b\u0159ehu, \u017ee jsou siln\u00e9 proudy. Bylo p\u0159\u00edjemn\u00fdch 27 ve st\u00ednu a s&nbsp;ko\u010d\u00e1rem \u0161lo zaparkovat dost bl\u00edzko vod\u011b, tak jsem krom\u011b inhalace prcka nechala tu slanou vodu pr\u00e9miov\u011b i ochutnat. P\u00edsek prubnul taky, jak jinak. Fotila bych v\u00edc, ale Eitan pat\u0159\u00ed mezi ty nad\u0161ence, co se vrhaj\u00ed do vln, tak to moc ne\u0161lo. Slun\u00ed\u010dko nab\u00edralo na s\u00edle a mn\u011b v&nbsp;pozici v&nbsp;p\u0159edklonu s\u00edly naopak ub\u00fdvaly, tak\u017ee jsem mr\u0148ouse opl\u00e1chla pod sladkou vodou (tahle \u010d\u00e1st se mu je\u0161t\u011b l\u00edbila) a dala ho do ko\u010d\u00e1rku (tahle u\u017e m\u00ed\u0148). Na rozd\u00edl ode m\u011b o proch\u00e1zku po promen\u00e1d\u011b v\u016fbec nest\u00e1l. Po cest\u011b n\u011bco brumlal, asi jako \u017ee to nakonec tak \u00fapln\u011b blb\u00fd nen\u00ed. Snad :-).<\/p>\n\n\n\n[Not a valid template]\n","protected":false},"excerpt":{"rendered":"<p>Ned\u011bln\u00ed r\u00e1no, Neva jsme akor\u00e1t odvezli do \u0161kolky a Eitan sp\u00ed v&nbsp;aut\u011b. Co s&nbsp;na\u010dat\u00fdm dnem. Jestli se vr\u00e1t\u00edm dom\u016f, budu cel\u00e9 dopoledne v&nbsp;pat\u00e1ch j\u00e1 jemu nebo on mn\u011b a stejn\u011b nic neud\u011bl\u00e1m. Nav\u00edc m\u00e1 i po t\u00fddnu po\u0159\u00e1d nudli. Tak\u017ee&#8230; Kam dneska sko\u010d\u00edme k&nbsp;mo\u0159i, ne\u017e slun\u00ed\u010dko za\u010dne p\u00e1lit tak, \u017ee p\u0159ed n\u00edm budeme muset prchnout? &hellip; <\/p>\n<p class=\"link-more\"><a href=\"https:\/\/www.monikavizraeli.com\/index.php\/2019\/06\/02\/nedelni-rano-na-plazi-v-kyriat-chaim\/\" class=\"more-link\">Pokra\u010dovat ve \u010dten\u00ed<span class=\"screen-reader-text\"> &#8222;Ned\u011bln\u00ed r\u00e1no na pl\u00e1\u017ei v&nbsp;Kyriat Chaim&#8220;<\/span><\/a><\/p>\n","protected":false},"author":1,"featured_media":0,"comment_status":"open","ping_status":"open","sticky":false,"template":"","format":"standard","meta":{"_monsterinsights_skip_tracking":false,"_monsterinsights_sitenote_active":false,"_monsterinsights_sitenote_note":"","_monsterinsights_sitenote_category":0,"ngg_post_thumbnail":0,"footnotes":""},"categories":[4,13],"tags":[],"class_list":["post-1625","post","type-post","status-publish","format-standard","hentry","category-blog","category-z-bezneho-zivota"],"_links":{"self":[{"href":"https:\/\/www.monikavizraeli.com\/index.php\/wp-json\/wp\/v2\/posts\/1625","targetHints":{"allow":["GET"]}}],"collection":[{"href":"https:\/\/www.monikavizraeli.com\/index.php\/wp-json\/wp\/v2\/posts"}],"about":[{"href":"https:\/\/www.monikavizraeli.com\/index.php\/wp-json\/wp\/v2\/types\/post"}],"author":[{"embeddable":true,"href":"https:\/\/www.monikavizraeli.com\/index.php\/wp-json\/wp\/v2\/users\/1"}],"replies":[{"embeddable":true,"href":"https:\/\/www.monikavizraeli.com\/index.php\/wp-json\/wp\/v2\/comments?post=1625"}],"version-history":[{"count":1,"href":"https:\/\/www.monikavizraeli.com\/index.php\/wp-json\/wp\/v2\/posts\/1625\/revisions"}],"predecessor-version":[{"id":1634,"href":"https:\/\/www.monikavizraeli.com\/index.php\/wp-json\/wp\/v2\/posts\/1625\/revisions\/1634"}],"wp:attachment":[{"href":"https:\/\/www.monikavizraeli.com\/index.php\/wp-json\/wp\/v2\/media?parent=1625"}],"wp:term":[{"taxonomy":"category","embeddable":true,"href":"https:\/\/www.monikavizraeli.com\/index.php\/wp-json\/wp\/v2\/categories?post=1625"},{"taxonomy":"post_tag","embeddable":true,"href":"https:\/\/www.monikavizraeli.com\/index.php\/wp-json\/wp\/v2\/tags?post=1625"}],"curies":[{"name":"wp","href":"https:\/\/api.w.org\/{rel}","templated":true}]}}