{"id":1616,"date":"2019-05-28T11:16:41","date_gmt":"2019-05-28T11:16:41","guid":{"rendered":"http:\/\/www.monikavizraeli.com\/?p=1616"},"modified":"2019-05-28T11:16:41","modified_gmt":"2019-05-28T11:16:41","slug":"lag-ba-omer-v-tal-el","status":"publish","type":"post","link":"https:\/\/www.monikavizraeli.com\/index.php\/2019\/05\/28\/lag-ba-omer-v-tal-el\/","title":{"rendered":"Lag Ba-omer v&nbsp;Tal El"},"content":{"rendered":"\n<p>P\u0159ipom\u00edn\u00e1 to sice neleg\u00e1ln\u00ed technop\u00e1rty, ale je to festival Lag Ba-omer u n\u00e1s v&nbsp;Tal El. Nebo sp\u00ed\u0161 festiv\u00e1lek, vzhledem k&nbsp;os\u00eddlen\u00ed na\u0161\u00ed vesni\u010dky. Je to 33.&nbsp;den v&nbsp;obdob\u00ed po\u010d\u00edt\u00e1n\u00ed omeru, kdy z\u00e1zra\u010dn\u011b na den p\u0159estali um\u00edrat studenti rab\u00edna Akivy. Tak\u00e9 v&nbsp;tento den zem\u0159el rab\u00edn \u0160imon bar Jochaj, kter\u00fd si p\u0159\u00e1l, aby den jeho smrti byl radostn\u00fd. A proto\u017ee byl dost kapacita, bylo samoz\u0159ejm\u011b p\u0159\u00e1n\u00ed vyhov\u011bno. N\u011bco m\u00e1lo o Lag Ba-omer jsem psala na blogu u\u017e loni, tak si to m\u016f\u017eete dohledat.  <\/p>\n\n\n\n<p>T\u00e1bor\u00e1k\u016f\nbylo m\u00e9n\u011b ne\u017e obvykle, proto\u017ee kv\u016fli extr\u00e9mn\u00edmu horku a\nsiln\u00e9mu v\u011bt\u0159\u00edku (taky hork\u00e9mu) platil z\u00e1kaz rozd\u011bl\u00e1v\u00e1n\u00ed\noh\u0148\u016f mimo vyhrazen\u00e1 m\u00edsta, kde platily speci\u00e1ln\u00ed podm\u00ednky. I\ntak si jako obvykle sv\u016fj oh\u00fdnek ud\u011blala ka\u017ed\u00e1 \u201evrstva\u201c\nstudent\u016f, aby se mohli p\u0159edh\u00e1n\u011bt, kdo m\u00e1 v\u011bt\u0161\u00ed a lep\u0161\u00ed.\nSice se tu neop\u00e9kaj\u00ed \u0161pek\u00e1\u010dky, ale za to jin\u00e9 pras\u00e1rny. Jako\nt\u0159eba marshmallow. Jo, fakt. To r\u016f\u017eovob\u00edl\u00e9 m\u011bkk\u00e9 podez\u0159el\u00e9\ncukr\u00e1tko se nap\u00edch\u00e1 v&nbsp;\u0159ad\u011b na klacek a ope\u010de na ohni. Nech\u00e1pu,\njak to n\u011bkdo m\u016f\u017ee d\u00e1t j\u00edst sv\u00e9mu d\u00edt\u011bti. T\u0159eba jako m\u016fj\nman\u017eel. Mysl\u00edm, \u017ee toho kluci zba\u0161tili ka\u017edej tak pytl\u00edk. No,\n\u017eijou, no. A\u017e si \u0159\u00edk\u00e1m, jestli by to nem\u011bli j\u00edst i n\u011bkdy\njindy ne\u017e na Lag Ba-omer, aby to pro jejich tr\u00e1vic\u00ed organismus byl\nmen\u0161\u00ed \u0161ok. \n<\/p>\n\n\n\n<p>Man\u017eel to podle pl\u00e1nu vydr\u017eel i letos 33&nbsp;dn\u00ed bez \u017eiletky. I kdy\u017e on je ostatn\u011b bez \u017eiletky mnohem d\u00e9le. Od lo\u0148sk\u00e9ho z\u00e1\u0159\u00ed, kdy\u017e mu pohrozil rab\u00edn v&nbsp;Haif\u011b b\u011bhem na\u0161eho pr\u016fklepov\u00e9ho pohovoru, \u017ee p\u0159ekra\u010duje z\u00e1kaz z\u00e1kaz\u016f. Tak\u017ee bez strojku. Nepat\u0159\u00edm k&nbsp;fand\u016fm jeho zarostl\u00e9ho vzhledu, tak\u017ee jsem r\u00e1da, \u017ee z&nbsp;trose\u010dn\u00edka m\u00e1m zp\u00e1tky mu\u017ee s&nbsp;hladkou tv\u00e1\u0159\u00ed. Ani on si v&nbsp;tom nijak nelibuje, prost\u011b zaexperimentoval podruh\u00e9. Jestli to bude i za rok, kdo v\u00ed. Zase je v\u00e1\u017en\u011b p\u011bkn\u00fd, jak pak b\u011bhem jedin\u00e9ho dne oml\u00e1dne o celou dek\u00e1du :-).<\/p>\n\n\n\n[Not a valid template]\n","protected":false},"excerpt":{"rendered":"<p>P\u0159ipom\u00edn\u00e1 to sice neleg\u00e1ln\u00ed technop\u00e1rty, ale je to festival Lag Ba-omer u n\u00e1s v&nbsp;Tal El. Nebo sp\u00ed\u0161 festiv\u00e1lek, vzhledem k&nbsp;os\u00eddlen\u00ed na\u0161\u00ed vesni\u010dky. Je to 33.&nbsp;den v&nbsp;obdob\u00ed po\u010d\u00edt\u00e1n\u00ed omeru, kdy z\u00e1zra\u010dn\u011b na den p\u0159estali um\u00edrat studenti rab\u00edna Akivy. Tak\u00e9 v&nbsp;tento den zem\u0159el rab\u00edn \u0160imon bar Jochaj, kter\u00fd si p\u0159\u00e1l, aby den jeho smrti byl radostn\u00fd. A &hellip; <\/p>\n<p class=\"link-more\"><a href=\"https:\/\/www.monikavizraeli.com\/index.php\/2019\/05\/28\/lag-ba-omer-v-tal-el\/\" class=\"more-link\">Pokra\u010dovat ve \u010dten\u00ed<span class=\"screen-reader-text\"> &#8222;Lag Ba-omer v&nbsp;Tal El&#8220;<\/span><\/a><\/p>\n","protected":false},"author":1,"featured_media":0,"comment_status":"open","ping_status":"open","sticky":false,"template":"","format":"standard","meta":{"_monsterinsights_skip_tracking":false,"_monsterinsights_sitenote_active":false,"_monsterinsights_sitenote_note":"","_monsterinsights_sitenote_category":0,"ngg_post_thumbnail":0,"footnotes":""},"categories":[4,13],"tags":[],"class_list":["post-1616","post","type-post","status-publish","format-standard","hentry","category-blog","category-z-bezneho-zivota"],"_links":{"self":[{"href":"https:\/\/www.monikavizraeli.com\/index.php\/wp-json\/wp\/v2\/posts\/1616","targetHints":{"allow":["GET"]}}],"collection":[{"href":"https:\/\/www.monikavizraeli.com\/index.php\/wp-json\/wp\/v2\/posts"}],"about":[{"href":"https:\/\/www.monikavizraeli.com\/index.php\/wp-json\/wp\/v2\/types\/post"}],"author":[{"embeddable":true,"href":"https:\/\/www.monikavizraeli.com\/index.php\/wp-json\/wp\/v2\/users\/1"}],"replies":[{"embeddable":true,"href":"https:\/\/www.monikavizraeli.com\/index.php\/wp-json\/wp\/v2\/comments?post=1616"}],"version-history":[{"count":1,"href":"https:\/\/www.monikavizraeli.com\/index.php\/wp-json\/wp\/v2\/posts\/1616\/revisions"}],"predecessor-version":[{"id":1624,"href":"https:\/\/www.monikavizraeli.com\/index.php\/wp-json\/wp\/v2\/posts\/1616\/revisions\/1624"}],"wp:attachment":[{"href":"https:\/\/www.monikavizraeli.com\/index.php\/wp-json\/wp\/v2\/media?parent=1616"}],"wp:term":[{"taxonomy":"category","embeddable":true,"href":"https:\/\/www.monikavizraeli.com\/index.php\/wp-json\/wp\/v2\/categories?post=1616"},{"taxonomy":"post_tag","embeddable":true,"href":"https:\/\/www.monikavizraeli.com\/index.php\/wp-json\/wp\/v2\/tags?post=1616"}],"curies":[{"name":"wp","href":"https:\/\/api.w.org\/{rel}","templated":true}]}}