{"id":1525,"date":"2019-05-10T11:34:22","date_gmt":"2019-05-10T11:34:22","guid":{"rendered":"http:\/\/www.monikavizraeli.com\/?p=1525"},"modified":"2019-05-11T18:55:02","modified_gmt":"2019-05-11T18:55:02","slug":"den-nezavislosti-cislo-71","status":"publish","type":"post","link":"https:\/\/www.monikavizraeli.com\/index.php\/2019\/05\/10\/den-nezavislosti-cislo-71\/","title":{"rendered":"Den nez\u00e1vislosti \u010d\u00edslo 71"},"content":{"rendered":"\n<p>Oslava 71.&nbsp;narozenin Izraele letos\nvy\u0161la na st\u0159edu a \u010dtvrtek 8 \u2013 9.&nbsp;kv\u011btna. Nejsou to sice\nkulatiny, ale to je tu v\u00edcem\u00e9n\u011b fuk, slav\u00ed se v\u017edycky. Zem\u011b si\nje v\u011bdoma, \u017ee ob\u010dan se vlastencem nerod\u00ed, \u017ee k&nbsp;vlastenectv\u00ed se\nmus\u00ed v\u00e9st. Hned po n\u00e1vratu do \u0161kolek z&nbsp;v\u00edce ne\u017e dvout\u00fddenn\u00edch\npesachov\u00fdch pr\u00e1zdnin se d\u011bti chystaj\u00ed na oslavy Dne nez\u00e1vislosti.\nVybarvuj\u00ed a kresl\u00ed vlajky, davidovy hv\u011bzdy, holubice m\u00edru,\np\u0159ipravuj\u00ed modrob\u00edl\u00e9 ozdoby, zp\u00edvaj\u00ed p\u00edsni\u010dky o zemi a\nn\u00e1rodn\u00edch symbolech a pe\u010dou cupcakes s&nbsp;t\u00e9matick\u00fdmi dekoracemi.\nTak\u00e9 si u\u017e\u00edvaj\u00ed \u010detn\u00fdch n\u00e1v\u0161t\u011bv p\u0159\u00edslu\u0161n\u00edk\u016f \u201eelity\nn\u00e1roda\u201c alias voj\u00e1k\u016f, obvykle tat\u00ednk\u016f n\u011bkoho ze t\u0159\u00eddy. \u017de\nvesel\u00fdm oslav\u00e1m p\u0159edch\u00e1z\u00ed Den pam\u00e1tky padl\u00fdch voj\u00e1k\u016f a ob\u011bt\u00ed\nterorismu a Den pam\u00e1tky ob\u011bt\u00ed Holocaustu se v&nbsp;p\u0159\u00edpad\u011b\n\u0161kolkov\u00fdch d\u011bt\u00ed zmi\u0148uje jen decentn\u011b&#8230; \n<\/p>\n\n\n\n<p>U n\u00e1s v&nbsp;Tal El vlaj\u00ed izraelsk\u00e9\nvlajky na ka\u017ed\u00e9m druh\u00e9m sloupu ve\u0159ejn\u00e9ho osv\u011btlen\u00ed a jedna\npo\u0159\u00e1dn\u00e1 zdob\u00ed budovu sekretari\u00e1tu. Ani to ale zdej\u0161\u00edm\npatriot\u016fm nen\u00ed dost a stejn\u011b jako my investuj\u00ed je\u0161t\u011b do v\u00fdzdoby\nvlastn\u00edch dom\u016f i aut. Den v&nbsp;judaismu za\u010d\u00edn\u00e1 ve\u010derem (to je\npodle T\u00f3ry, kde se v&nbsp;kapitole o stvo\u0159en\u00ed sv\u011bta p\u00ed\u0161e \u201eA byl\nve\u010der a bylo r\u00e1no&#8230;\u201c ), \u010dili i oslavy propukaj\u00ed ve\u010der. Ka\u017ed\u00e9\nm\u011bsto i vesnice po\u0159\u00e1d\u00e1 program obvykle odstartovan\u00fd proslovem\nstarosty na p\u00f3diu. N\u00e1sleduje oh\u0148ostroj a pak se rozj\u00ed\u017ed\u00ed\nr\u016fznorod\u00e9 vesel\u00ed podle rozpo\u010dtu dan\u00e9ho m\u00edsta. Ve m\u011bstech\nkoncertuj\u00ed hv\u011bzdy izraelsk\u00e9 pop music, v&nbsp;m\u00edstech jako Tal El\npou\u0161t\u00ed hudbu DJ a sv\u00e9 roztomile nesynchronizovan\u00e9 tane\u010dn\u00ed\np\u0159edstaven\u00ed p\u0159edv\u00e1d\u00ed \u0161estilet\u00e9 hol\u010di\u010dky z&nbsp;vesnice. \n<\/p>\n\n\n\n<p>My letos vyt\u00e1hli d\u011bti do Akka, z\nprost\u00e9ho d\u016fvodu, \u017ee jsme v\u0161ichni byli moc unaven\u00ed a necht\u011bli\njsme si situaci znesnad\u0148ovat t\u00edm, \u017ee se kluci budou honit s\nkamar\u00e1dy, kut\u00e1let po zemi a p\u0159edv\u00e1d\u011bt sc\u00e9ny kv\u016fli ka\u017ed\u00fd\nprkotin\u011b. Takhle jsme je u\u017e vykoupan\u00fd hodili do auta, v&nbsp;nezn\u00e1m\u00e9m\nprost\u0159ed\u00ed m\u011bsta Nevo zp\u016fsobn\u011b chodil a Daniel uv\u00edtal mo\u017enost\nviset v&nbsp;nos\u00edtku t\u00e1tovi na z\u00e1dech. Eitan po cest\u011b usnul a\nspokojen\u011b prospal \u010dek\u00e1n\u00ed, proslov i oh\u0148ostroj. Kluk\u016fm\nt\u0159i\u0159vtr\u011bhodinov\u00e1 \u010dekac\u00ed doba na oh\u0148ostroj ub\u011bhla d\u00edky\nst\u0159\u00edlec\u00edmu bublifuku. P\u00e1r minut p\u0159ed za\u010d\u00e1tkem Nevo slu\u0161n\u011b\nstresoval, stejn\u011b jako loni, co\u017e se s&nbsp;jeho hypercitlivost\u00ed na zvuk\ndalo \u010dekat. Ve fin\u00e1le byl mysl\u00edm r\u00e1d, \u017ee jsme neutekli, a\nsv\u011bt\u00fdlka na obloze sledoval v&nbsp;m\u00e9m pevn\u00e9m objet\u00ed dokonce bez\nzakryt\u00fdch u\u0161\u00ed :-). Zp\u00e1tky dom\u016f jsme to podle pl\u00e1nu p\u0159ivezli\nsp\u00edc\u00ed v\u0161echno a jenom to p\u0159eh\u00e1zeli do postel\u00ed. \n<\/p>\n\n\n\n<p>\u010ctvrte\u010dn\u00ed st\u00e1tn\u00ed volno si v\u011bt\u0161ina\nIzraelc\u016f vyr\u00e1\u017e\u00ed u\u017e\u00edt na pl\u00e1\u017e nebo n\u011bkam do p\u0159\u00edrody, s\npiknikovou dekou, skl\u00e1dac\u00edmi \u017eidli\u010dkami, ta\u0161kami j\u00eddla,\np\u0159enosnou ledni\u010dkou, a \u010dasto i grilem. My si necht\u011bli nechat uj\u00edt\nka\u017edoro\u010dn\u00ed p\u0159ehl\u00eddku letadel, kter\u00e1 je nejl\u00edp vid\u011bt z\nmo\u0159sk\u00e9ho pob\u0159e\u017e\u00ed. Bylo to lehce pod tlakem, ale v&nbsp;dev\u011bt jsme\nvyr\u00e1\u017eeli sm\u011br Haifa. Na pl\u00e1\u017e Zamir jsme dorazili 6 minut p\u0159ed\navizovan\u00fdm za\u010d\u00e1tkem akrobatick\u00e9 show, co\u017e bylo p\u0159esn\u011b tak\nakor\u00e1t \u010dasu si pl\u00e1cnout pl\u00e1\u017eovou podlo\u017eku na travnatou plochu a\np\u0159ipravit mobily do re\u017eimu videa. Blankytn\u011b modr\u00e1 obloha, vlhk\u00fd\nslan\u00fd v\u00e1nek, \u0161um\u011bn\u00ed mo\u0159e a sympatick\u00e9 bru\u010den\u00ed \u010dty\u0159ech\nmal\u00fdch letad\u00fdlek, kter\u00e9 nevyd\u011bsilo ani na\u0161eho Neva. Za to\nvojensk\u00e1 letka a st\u00edha\u010dky st\u0159\u00edlej\u00edc\u00ed sv\u011btlice o hodinu a p\u016fl\npozd\u011bji u\u017e jo :-). Daniel, Eitan, j\u00e1 i Giyora jsme to s&nbsp;nad\u0161en\u00edm\nsledovali v\u0161echno, stejn\u011b jako Giyorovi kamar\u00e1di, co se k&nbsp;n\u00e1m\nb\u011bhem dopoledne p\u0159ipojili. V&nbsp;p\u016fl jedn\u00e9 bylo po v\u0161em a my balili\nsaky paky a mazali ke \u0161vagrovi na grilova\u010dku. \n<\/p>\n\n\n\n<p>Je\u0161t\u011b jednou v\u0161echno nejlep\u0161\u00ed drah\u00e1 Izrael k&nbsp;tv\u00fdm 71.&nbsp;narozenin\u00e1m. M\u00e1me t\u011b r\u00e1di :-).<\/p>\n\n\n\n<p><\/p>\n\n\n\n[Not a valid template]\n","protected":false},"excerpt":{"rendered":"<p>Oslava 71.&nbsp;narozenin Izraele letos vy\u0161la na st\u0159edu a \u010dtvrtek 8 \u2013 9.&nbsp;kv\u011btna. Nejsou to sice kulatiny, ale to je tu v\u00edcem\u00e9n\u011b fuk, slav\u00ed se v\u017edycky. Zem\u011b si je v\u011bdoma, \u017ee ob\u010dan se vlastencem nerod\u00ed, \u017ee k&nbsp;vlastenectv\u00ed se mus\u00ed v\u00e9st. Hned po n\u00e1vratu do \u0161kolek z&nbsp;v\u00edce ne\u017e dvout\u00fddenn\u00edch pesachov\u00fdch pr\u00e1zdnin se d\u011bti chystaj\u00ed na oslavy Dne &hellip; <\/p>\n<p class=\"link-more\"><a href=\"https:\/\/www.monikavizraeli.com\/index.php\/2019\/05\/10\/den-nezavislosti-cislo-71\/\" class=\"more-link\">Pokra\u010dovat ve \u010dten\u00ed<span class=\"screen-reader-text\"> &#8222;Den nez\u00e1vislosti \u010d\u00edslo 71&#8220;<\/span><\/a><\/p>\n","protected":false},"author":1,"featured_media":0,"comment_status":"open","ping_status":"open","sticky":false,"template":"","format":"standard","meta":{"_monsterinsights_skip_tracking":false,"_monsterinsights_sitenote_active":false,"_monsterinsights_sitenote_note":"","_monsterinsights_sitenote_category":0,"ngg_post_thumbnail":0,"footnotes":""},"categories":[4,13],"tags":[],"class_list":["post-1525","post","type-post","status-publish","format-standard","hentry","category-blog","category-z-bezneho-zivota"],"_links":{"self":[{"href":"https:\/\/www.monikavizraeli.com\/index.php\/wp-json\/wp\/v2\/posts\/1525","targetHints":{"allow":["GET"]}}],"collection":[{"href":"https:\/\/www.monikavizraeli.com\/index.php\/wp-json\/wp\/v2\/posts"}],"about":[{"href":"https:\/\/www.monikavizraeli.com\/index.php\/wp-json\/wp\/v2\/types\/post"}],"author":[{"embeddable":true,"href":"https:\/\/www.monikavizraeli.com\/index.php\/wp-json\/wp\/v2\/users\/1"}],"replies":[{"embeddable":true,"href":"https:\/\/www.monikavizraeli.com\/index.php\/wp-json\/wp\/v2\/comments?post=1525"}],"version-history":[{"count":3,"href":"https:\/\/www.monikavizraeli.com\/index.php\/wp-json\/wp\/v2\/posts\/1525\/revisions"}],"predecessor-version":[{"id":1569,"href":"https:\/\/www.monikavizraeli.com\/index.php\/wp-json\/wp\/v2\/posts\/1525\/revisions\/1569"}],"wp:attachment":[{"href":"https:\/\/www.monikavizraeli.com\/index.php\/wp-json\/wp\/v2\/media?parent=1525"}],"wp:term":[{"taxonomy":"category","embeddable":true,"href":"https:\/\/www.monikavizraeli.com\/index.php\/wp-json\/wp\/v2\/categories?post=1525"},{"taxonomy":"post_tag","embeddable":true,"href":"https:\/\/www.monikavizraeli.com\/index.php\/wp-json\/wp\/v2\/tags?post=1525"}],"curies":[{"name":"wp","href":"https:\/\/api.w.org\/{rel}","templated":true}]}}