{"id":1505,"date":"2019-05-03T09:37:10","date_gmt":"2019-05-03T09:37:10","guid":{"rendered":"http:\/\/www.monikavizraeli.com\/?p=1505"},"modified":"2019-05-03T09:37:10","modified_gmt":"2019-05-03T09:37:10","slug":"potok-farod-na-par-hodin-vyvetrat-hlavu-v-den-pamatky-obeti-holocaustu","status":"publish","type":"post","link":"https:\/\/www.monikavizraeli.com\/index.php\/2019\/05\/03\/potok-farod-na-par-hodin-vyvetrat-hlavu-v-den-pamatky-obeti-holocaustu\/","title":{"rendered":"Potok Farod &#8211; na p\u00e1r hodin vyv\u011btrat hlavu v&nbsp;Den pam\u00e1tky ob\u011bt\u00ed Holocaustu"},"content":{"rendered":"\n<p>V\u010dera byl Den pam\u00e1tky ob\u011bt\u00ed Holocaustu (jom Ha\u0160oa). Od z\u00e1padu slunce r\u00e1dia hr\u00e1la jen smutn\u00e9 p\u00edsni\u010dky, v&nbsp;televizi b\u011b\u017eely dokumenty, po\u0159ady a filmy v\u00fdhradn\u011b na on\u00e9 t\u00e9ma. V&nbsp;deset dopoledne zn\u011bla dvouminutov\u00e1 sir\u00e9na. A\u017e do jedn\u00e9, ne\u017e jsme jeli vyzvednout d\u011bti do \u0161kolek, jsme s&nbsp;Giyorou, kter\u00fd m\u011bl volno (proto\u017ee \u010dtvrtky m\u00e1 m\u00edt voln\u00e9, nen\u00ed to st\u00e1tn\u00ed sv\u00e1tek ani pr\u00e1zdniny), poslouchali vypr\u00e1v\u011bn\u00ed p\u0159e\u017eiv\u0161\u00edch z&nbsp;televizn\u00ed obrazovky. Vysv\u011btlovat kluk\u016fm, pro\u010d jsem ubulen\u00e1, se mi zat\u00edm nechce, na to maj\u00ed p\u0159ece jen je\u0161t\u011b \u010das, tak jsme se rozhodli vyu\u017e\u00edt mo\u017enosti, kterou ti, co si t\u00edm pro\u0161li, bohu\u017eel nem\u011bli a nemaj\u00ed, a ut\u00e9ct si od toho na p\u00e1r hodin vyv\u011btrat hlavu do p\u0159\u00edrody. \u0160ed\u00e9 mraky dopl\u0148ovaly ponurou t\u00ed\u017eivou atmosf\u00e9ru dne a dokonce ob\u010das i kr\u00e1palo. Ale bylo vedro jak v&nbsp;pr\u00e1deln\u011b, tak jsme ml\u00e1\u010fat\u016fm vzali plavky a vyrazili k&nbsp;potoku Farod. O Pesachu tam bylo stra\u0161n\u011b narv\u00e1no a \u0159\u00edkali jsme si, \u017ee te\u010f je ten prav\u00fd \u010das tam pohodln\u011b zaparkovat a u\u017e\u00edt si v&nbsp;poklidu um\u011ble vytvo\u0159en\u00fdch pr\u016fzra\u010dn\u00fdch jez\u00edrek i drav\u00e9 vody v&nbsp;potoce. Krom\u011b n\u00e1s tam byly asi dv\u011b nebo t\u0159i ortodoxn\u00ed rodiny, co\u017e bylo ve v\u00fdsledku vlastn\u011b dost lid\u00ed :). Ale samoz\u0159ejm\u011b po\u0159\u00e1d nesrovnateln\u011b m\u00e9n\u011b ne\u017e o tom Pesachu. A jejich p\u0159\u00edtomnost n\u00e1s uklidnila, proto\u017ee jsme znejist\u011bli, jestli se v&nbsp;obdob\u00ed<a href=\"https:\/\/cs.wikipedia.org\/wiki\/Po%C4%8D%C3%ADt%C3%A1n%C3%AD_omeru\"> po\u010d\u00edt\u00e1n\u00ed omeru<\/a>, co\u017e je pr\u00e1v\u011b te\u010f, v\u016fbec m\u016f\u017ee k&nbsp;vod\u011b. Maminka cachtaj\u00edc\u00edch se puber\u0165\u00e1k\u016f s&nbsp;\u010dern\u00fdmi jarmulkami, kter\u00fdch jsme se ptali, n\u00e1m vysv\u011btlila, \u017ee pr\u00fd jo, jenom nechodit n\u011bkam, kde to je nebezpe\u010dn\u00fd. P\u0159iznali jsme, \u017ee jsme ve sv\u011bt\u011b v\u011b\u0159\u00edc\u00edch nov\u00ed a ona n\u00e1s se sm\u00edchem do toho sv\u011bta p\u0159iv\u00edtala a pustili jsme se do \u0159e\u010di. Ptala se, kde jsme studovali a jestli to bylo n\u00e1ro\u010dn\u00e9. A \u017ee pr\u00fd a\u0165 se jich ned\u011bs\u00edme, \u017ee oni jsou charedim (nejkonzervativn\u011bj\u0161\u00ed sm\u011br ortodoxn\u00edho judaismu). A\u0165 to nebereme nijak s&nbsp;t\u011b\u017ekou hlavou, \u017ee je hlavn\u00ed, aby se n\u00e1m na t\u00e9 nov\u00e9 cest\u011b l\u00edbilo, proto\u017ee p\u0159ece \u201eT\u00f3ra m\u00e1 sedmdes\u00e1t tv\u00e1\u0159\u00ed\u201c :-).  <\/p>\n\n\n\n<p>Kluk\u016fm se do hlub\u0161\u00edch chladn\u00fdch\nbaz\u00e9nk\u016f necht\u011blo, ale kdy\u017e jsme sjeli o kousek n\u00ed\u017e, kde byl\npotok m\u011blk\u00fd, vrhli se pod dohledem Giyory (na m\u016fj vkus p\u0159\u00edli\u0161\nvoln\u00fdm, ehm) do dobrodru\u017estv\u00ed. Brodili se po proudu, proti proudu,\nnap\u0159\u00ed\u010d proudem a zase po proudu a tak dokola :). Kotn\u00edky jsem\nsmo\u010dila i j\u00e1 a Eitan, kter\u00fd tak jednozna\u010dn\u011b stvrdil pozici\ndal\u0161\u00edho vodomilce v&nbsp;na\u0161\u00ed rodin\u011b. Cesta dom\u016f z\u00e1cpami byla hor\u0161\u00ed\na je\u0161t\u011b se n\u00e1m nepovedlo naj\u00edt otev\u0159en\u00fd ko\u0161\u00e9r falafel, ale\ntak aspo\u0148 v\u00edme, kde p\u0159\u00ed\u0161t\u011b nehledat, \u017ee jo :).<\/p>\n\n\n\n<p>Zanedban\u00fd vzhled m\u00e9ho man\u017eela v\u00fdjime\u010dn\u011b nesouvis\u00ed s&nbsp;\u00fanavou ani \u0161patn\u00fdm zdravotn\u00edm stavem, ale ji\u017e zmi\u0148ovan\u00fdm po\u010d\u00edt\u00e1n\u00edm omeru. Rozhodl se toti\u017e zopakovat lo\u0148sk\u00fd experiment a coby p\u0159ipomenut\u00ed ne\u0161\u0165astn\u00e9ho obdob\u00ed \u00famrt\u00ed desetitis\u00edc\u016f student\u016f rab\u00edna Akivy, si nechat r\u016fst plnovous cel\u00fdch 33&nbsp;dn\u00ed. Je\u0161t\u011b mu zb\u00fdv\u00e1 19. A j\u00e1 p\u0159ipom\u00edn\u00e1m, \u017ee to bylo \u00fadajn\u011b proto, \u017ee nechovali \u00factu jeden k&nbsp;druh\u00e9mu. Proto\u017ee \u00facta k&nbsp;bli\u017en\u00edmu by v\u017edycky m\u011bla b\u00fdt i nade v\u0161echno studium T\u00f3ry.  <\/p>\n\n\n\n[Not a valid template]\n","protected":false},"excerpt":{"rendered":"<p>V\u010dera byl Den pam\u00e1tky ob\u011bt\u00ed Holocaustu (jom Ha\u0160oa). Od z\u00e1padu slunce r\u00e1dia hr\u00e1la jen smutn\u00e9 p\u00edsni\u010dky, v&nbsp;televizi b\u011b\u017eely dokumenty, po\u0159ady a filmy v\u00fdhradn\u011b na on\u00e9 t\u00e9ma. V&nbsp;deset dopoledne zn\u011bla dvouminutov\u00e1 sir\u00e9na. A\u017e do jedn\u00e9, ne\u017e jsme jeli vyzvednout d\u011bti do \u0161kolek, jsme s&nbsp;Giyorou, kter\u00fd m\u011bl volno (proto\u017ee \u010dtvrtky m\u00e1 m\u00edt voln\u00e9, nen\u00ed to st\u00e1tn\u00ed sv\u00e1tek &hellip; <\/p>\n<p class=\"link-more\"><a href=\"https:\/\/www.monikavizraeli.com\/index.php\/2019\/05\/03\/potok-farod-na-par-hodin-vyvetrat-hlavu-v-den-pamatky-obeti-holocaustu\/\" class=\"more-link\">Pokra\u010dovat ve \u010dten\u00ed<span class=\"screen-reader-text\"> &#8222;Potok Farod &#8211; na p\u00e1r hodin vyv\u011btrat hlavu v&nbsp;Den pam\u00e1tky ob\u011bt\u00ed Holocaustu&#8220;<\/span><\/a><\/p>\n","protected":false},"author":1,"featured_media":0,"comment_status":"open","ping_status":"open","sticky":false,"template":"","format":"standard","meta":{"_monsterinsights_skip_tracking":false,"_monsterinsights_sitenote_active":false,"_monsterinsights_sitenote_note":"","_monsterinsights_sitenote_category":0,"ngg_post_thumbnail":0,"footnotes":""},"categories":[4,14,16],"tags":[],"class_list":["post-1505","post","type-post","status-publish","format-standard","hentry","category-blog","category-vylety","category-zidovka-z-jiznaku"],"_links":{"self":[{"href":"https:\/\/www.monikavizraeli.com\/index.php\/wp-json\/wp\/v2\/posts\/1505","targetHints":{"allow":["GET"]}}],"collection":[{"href":"https:\/\/www.monikavizraeli.com\/index.php\/wp-json\/wp\/v2\/posts"}],"about":[{"href":"https:\/\/www.monikavizraeli.com\/index.php\/wp-json\/wp\/v2\/types\/post"}],"author":[{"embeddable":true,"href":"https:\/\/www.monikavizraeli.com\/index.php\/wp-json\/wp\/v2\/users\/1"}],"replies":[{"embeddable":true,"href":"https:\/\/www.monikavizraeli.com\/index.php\/wp-json\/wp\/v2\/comments?post=1505"}],"version-history":[{"count":1,"href":"https:\/\/www.monikavizraeli.com\/index.php\/wp-json\/wp\/v2\/posts\/1505\/revisions"}],"predecessor-version":[{"id":1517,"href":"https:\/\/www.monikavizraeli.com\/index.php\/wp-json\/wp\/v2\/posts\/1505\/revisions\/1517"}],"wp:attachment":[{"href":"https:\/\/www.monikavizraeli.com\/index.php\/wp-json\/wp\/v2\/media?parent=1505"}],"wp:term":[{"taxonomy":"category","embeddable":true,"href":"https:\/\/www.monikavizraeli.com\/index.php\/wp-json\/wp\/v2\/categories?post=1505"},{"taxonomy":"post_tag","embeddable":true,"href":"https:\/\/www.monikavizraeli.com\/index.php\/wp-json\/wp\/v2\/tags?post=1505"}],"curies":[{"name":"wp","href":"https:\/\/api.w.org\/{rel}","templated":true}]}}