{"id":1323,"date":"2019-03-21T21:18:19","date_gmt":"2019-03-21T21:18:19","guid":{"rendered":"http:\/\/www.monikavizraeli.com\/?p=1323"},"modified":"2019-03-24T17:02:40","modified_gmt":"2019-03-24T17:02:40","slug":"kolotoc-doma-nabral-obratky-aneb-padam-na-hubu","status":"publish","type":"post","link":"https:\/\/www.monikavizraeli.com\/index.php\/2019\/03\/21\/kolotoc-doma-nabral-obratky-aneb-padam-na-hubu\/","title":{"rendered":"Koloto\u010d doma nabral obr\u00e1tky aneb pad\u00e1m na hubu"},"content":{"rendered":"<p>Skoro m\u011bs\u00edc od chv\u00edle, co na blog nep\u0159ibylo nic v\u00edc, ne\u017e obs\u00e1hlej\u0161\u00ed koment\u00e1\u0159 k&nbsp;fotk\u00e1m. To znamen\u00e1 jedin\u00e9 \u2013 pad\u00e1m na hubu. Ne \u017ee bych nep\u0159edpokl\u00e1dala, \u017ee k&nbsp;tomu dojde, ale asi jsem ne\u010dekala, \u017ee to bude za stavu, kdy se nic moc zvl\u00e1\u0161tn\u00edho ned\u011bje. Prost\u011b jen koloto\u010d nabral na obr\u00e1tk\u00e1ch. To je dost d\u011bsiv\u00e9, proto\u017ee to znamen\u00e1, \u017ee m\u016f\u017ee b\u00fdt je\u0161t\u011b mnohem h\u016f\u0159! Kdy\u017e ulo\u017e\u00edme d\u011bti, d\u00e1me bar\u00e1k aspo\u0148 mali\u010dko do kupy, nave\u010de\u0159\u00edme se a kone\u010dn\u011b bych m\u011bla \u010das n\u011bco ps\u00e1t, je p\u016fl jeden\u00e1ct\u00e9 ve\u010der. Zbytky energie dovyberou z\u00e1sahy k&nbsp;bre\u010d\u00edc\u00edm d\u011btem (ucho, b\u0159\u00ed\u0161ko, hlava, nap\u00edt, \u010d\u016frat&#8230;) a kdy\u017e jsou to \u010dasto jen kr\u00e1tk\u00e1 odsko\u010den\u00ed, ne\u017e dosednu znovu k&nbsp;po\u010d\u00edta\u010di, zap\u00edp\u00e1 pra\u010dka, ten den minim\u00e1ln\u011b t\u0159et\u00ed. A abych mohla obsah p\u0159endat do su\u0161i\u010dky, mus\u00edm vypr\u00e1zdnit su\u0161i\u010dku. A v&nbsp;ko\u0161i s&nbsp;pr\u00e1dlem obvykle nen\u00ed dost m\u00edsta, abych tam obsah su\u0161i\u010dky mohla p\u0159endat&#8230; Z&nbsp;posledn\u00edch sil dolezu do sprchy, aby n\u00e1sledn\u011b za\u010dal \u0159v\u00e1t Eitan do\u017eaduj\u00edc\u00ed se p\u0159esunu do na\u0161\u00ed postele. Tohle je definitivn\u00ed, proto\u017ee jakmile se ulo\u017e\u00edm vedle n\u011bj, rovnou jdu \u010d\u00edst modlitbu p\u0159ed span\u00edm, kdybych n\u00e1hodou usnula. A pravideln\u011b usnu \u2013 d\u0159\u00edv, ne\u017e to do\u010dtu do t\u0159etiny. Dny m\u00edj\u00ed takov\u00fdm fofrem, \u017e<span lang=\"cs-CZ\">e p\u00e1tek co p\u00e1tek nev\u011b\u0159\u00edcn\u011b krout\u00edm hlavou, \u017ee u\u017e je tu zas \u0161abat. A smutn\u011b kouk\u00e1m na ty upatlan\u00fd a zapr\u00e1\u0161en\u00fd okna, kter\u00fd jsou sice pom\u011brn\u011b vysoko na seznamu priorit, ale stejn\u011b se k&nbsp;nim ne a ne dostat.<\/span><\/p>\n<p>Tenhle \u010dl\u00e1nek jsem za\u010dala ps\u00e1t p\u0159edev\u010d\u00edrem ve \u010dtvrt na deset ve\u010der, kdy kone\u010dn\u011b usnuly v\u0161echny d\u011bti. Zb\u00fdvala p\u016fl hodina do Giyorova n\u00e1vratu z&nbsp;Jeruzal\u00e9ma a j\u00e1 m\u011bla \u0161anci d\u016fm ze stavu \u201epo explozi\u201c (to mysl\u00edm obrazn\u011b, nebojte, nic sem nedol\u00edtlo) dostat aspo\u0148 do \u201etrochu v\u011bt\u0161\u00ed bordel ne\u017e norm\u00e1ln\u011b\u201c. Prost\u011b ide\u00e1ln\u00ed chv\u00edle na to si sednout ke kafi a za\u010d\u00edt ps\u00e1t \u010dl\u00e1nek. Ono mi toti\u017e do\u0161lo, \u017ee \u017e\u00e1dn\u00e1 ide\u00e1ln\u011bj\u0161\u00ed chv\u00edle z\u0159ejm\u011b nebude. A zjistila jsem, \u017ee kdy\u017e nep\u00ed\u0161u, moji frustraci z&nbsp;toho, jak nic nest\u00edh\u00e1m, to jenom prohlubuje. A popisek k&nbsp;fotce moj\u00ed pisatelskou pot\u0159ebu neuspokoj\u00ed.<\/p>\n<p>Mno, co se teda d\u011bje, kdy\u017e se vlastn\u011b nic ned\u011bje? Antibiotika sice \u00fasp\u011b\u0161n\u011b zavra\u017edila streptokoka v&nbsp;krku Neva i Giyory, nicm\u00e9n\u011b bu\u010f streptokok nebo l\u00e9\u010dba dala jejich organismu po\u0159\u00e1dnou pecku, ze kter\u00e9 se vzpamatov\u00e1vaj\u00ed dote\u010f. \u00danava je sice v&nbsp;Giyorov\u011b p\u0159\u00edpad\u011b dennodenn\u00ed, ale te\u010f byla n\u011bjakou dobu enormn\u00ed. A kdy\u017e mi Giyora odpadne na p\u00e1r hodin ve chv\u00edli, kdy se po\u010d\u00edtalo s&nbsp;jeho pomoc\u00ed, skoro se hrout\u00edm. Zvl\u00e1\u0161\u0165 kdy\u017e pot\u0159ebuju co p\u00e1r minut ut\u011b\u0161ovat bre\u010d\u00edc\u00ed t\u0159\u00edlet\u00e9 d\u00edt\u011b \u2013 Neva, jeho\u017e citlivost byla je\u0161t\u011b dva t\u00fddny po nemoci vysoko nad obvykl\u00fdm nadm\u00edru solidn\u00edm standardem. Nav\u00edc m\u011b d\u011bsilo jeho nechutenstv\u00ed, tak byl mnohem v\u00edc doma ne\u017e ve \u0161kolce. <span lang=\"cs-CZ\">Daniela te\u010f nov\u011b voz\u00edm ka\u017ed\u00e9 pond\u011bl\u00ed na dev\u00e1tou r\u00e1no do Naharyie na krou\u017eek soci\u00e1ln\u00edch dovednost\u00ed. Ani nev\u00edm, co to vlastn\u011b je, ale bav\u00ed ho to. Nicm\u00e9n\u011b t\u00edm pro n\u011bj ten den pad\u00e1 \u0161kolka. A miminko, no&#8230; Pro\u0159ez\u00e1vaj\u00ed se mu horn\u00ed jedni\u010dky. Nebere to extra dramaticky, ale je dost neklidnej a bez n\u00e1lady. P\u0159edev\u0161\u00edm ve\u010der, kdy u\u017e jsem neklidn\u00e1 a bez n\u00e1lady taky. \u201eKam to polo\u017e\u00ed\u0161, tam to taky najde\u0161\u201c to nen\u00ed od chv\u00edle, co se nau\u010dil v\u00e1let sudy. Te\u010f u\u017e k&nbsp;tomu p\u0159idal i lezen\u00ed v&nbsp;buldozer stylu. Pot\u0159eba sp\u00e1nku se nad\u00e1le zmen\u0161uje a n\u011bkdy m\u00e1m dojem, \u017ee a\u017e miz\u00ed. N\u00e1roky na z\u00e1bavu rostou. Tomu se nem\u016f\u017eu divit, taky by m\u011b nebavilo koukat na sv\u011bt p\u0159es \u0161pinav\u00fd okna&#8230;<\/span><\/p>\n<p lang=\"cs-CZ\">Samoz\u0159ejm\u011b jsem to nestihla dopsat za p\u016fl hodiny. A pak zas za\u010dal n\u011bkdo bre\u010det a zas jsem musela sp\u00e1t a doufat, \u017ee z&nbsp;t\u011bch \u0161esti hodin do zazvon\u011bn\u00ed bud\u00edku n\u011bco bude. Tak\u017ee pokra\u010dov\u00e1n\u00ed po 24 hodinov\u00e9 pauze.<\/p>\n<p lang=\"cs-CZ\">M\u00e1me Purim. Sv\u00e1tek Purim se ve \u0161kolk\u00e1ch slav\u00ed v&nbsp;mask\u00e1ch a rozd\u00e1vaj\u00ed se pytl\u00edky pamlsk\u016f. Krom\u011b bal\u00ed\u010dk\u016f, co jsme museli p\u0159ichystat na\u0161im d\u011btem do \u0161kolek, jsme tvo\u0159ili je\u0161t\u011b \u0161est pro sousedy a moje kamar\u00e1dky z&nbsp;Tal El. A pak jako pod\u011bkov\u00e1n\u00ed za proveden\u00ed gijur procesem jeden po\u0159\u00e1dn\u00fd bal\u00edk pro rab\u00edna a jeho \u017eenu, dal\u0161\u00ed dva pro na\u0161e mil\u00e9 u\u010ditele Mosheho a Revital. A je\u0161t\u011b jeden pro Giyrova kolegu z&nbsp;pr\u00e1ce, jeho\u017e \u017eena mi poslala t\u0159i moc p\u011bkn\u00fd \u0161\u00e1tky. Vymyslet, nakoupit a zabalit v&nbsp;tom \u201evoln\u00e9m \u010dase\u201c, kter\u00fd nen\u00ed&#8230; Objednan\u00e9 kost\u00fdmy, a\u010d s&nbsp;velkou sl\u00e1vou dorazily z&nbsp;\u010c\u00edny v\u010das, z\u016fstaly skoro nepou\u017eit\u00e9. Nevo svoj\u00ed sovu neobl\u00edknul ani pro fotku, Daniel v&nbsp;klaunovi do \u0161kolky nakonec \u0161el, ale evidentn\u011b na n\u011bj dolehl tlak spolu\u017e\u00e1k\u016f v&nbsp;ohozech superhrdin\u016f a rad\u0161i by byl Spiderman (co\u017e je i bez kost\u00fdmu). Hlavn\u011b \u017ee si je vybrali sami. Na oslavu v&nbsp;synagoze den pot\u00e9 si nakonec oba chlapci navl\u00edkli masky, co jsem jim tvo\u0159ila p\u0159ed dv\u011bma lety \u2013 draka a pavouka. Ale tak hlavn\u011b \u017ee se bavili. Eitana ten povyk taky bavil, a\u017e moc.<\/p>\n<p lang=\"cs-CZ\">Ok, tak t\u0159et\u00ed ve\u010der snahy o dops\u00e1n\u00ed \u010dl\u00e1nku. V\u010dera jsem \u0161la k&nbsp;bre\u010d\u00edc\u00edmu Eitanovi u\u017e v&nbsp;p\u016fl jeden\u00e1ct\u00e9. A dneska se pro jistotu probral s&nbsp;\u0159evem jako prvn\u00ed, ve t\u0159i \u010dtvrt\u011b na deset, po p\u016fl hodin\u011b sp\u00e1nku. Vzbudil t\u00edm na\u0161t\u011bst\u00ed jen Giyoru, co vytuhl u vypr\u00e1v\u011bn\u00ed poh\u00e1dky kluk\u016fm a te\u010f se po deseti minut\u00e1ch z\u0159ejm\u011b oba vr\u00e1tili sp\u00e1t, proto\u017ee v&nbsp;ch\u016fvi\u010dce je ticho. Bezva. Ale stejn\u011b u\u017e mus\u00edm kon\u010dit, proto\u017ee m\u00e1m fakt hlad. A z&nbsp;pr\u00e1delny na m\u011b p\u00edp\u00e1 pra\u010dka, u\u017e t\u0159et\u00ed&#8230; A d\u00e1l to u\u017e zn\u00e1te :D. Tak\u017ee v\u00edc o tom, jak se Purim slavil u n\u00e1s v&nbsp;Tal El snad brzy v&nbsp;dal\u0161\u00edm \u010dl\u00e1nku :-).<\/p>\n<p lang=\"cs-CZ\"><img loading=\"lazy\" decoding=\"async\" class=\"alignnone size-medium wp-image-1324\" src=\"http:\/\/www.monikavizraeli.com\/wp-content\/uploads\/2019\/03\/DSC_0117-187x300.jpg\" alt=\"\" width=\"187\" height=\"300\" \/> <img loading=\"lazy\" decoding=\"async\" class=\"alignnone size-medium wp-image-1325\" src=\"http:\/\/www.monikavizraeli.com\/wp-content\/uploads\/2019\/03\/DSC_0180-300x188.jpg\" alt=\"\" width=\"300\" height=\"188\" \/> <img loading=\"lazy\" decoding=\"async\" class=\"alignnone size-medium wp-image-1326\" src=\"http:\/\/www.monikavizraeli.com\/wp-content\/uploads\/2019\/03\/DSC_0173-300x169.jpg\" alt=\"\" width=\"300\" height=\"169\" \/> <img loading=\"lazy\" decoding=\"async\" class=\"alignnone size-medium wp-image-1328\" src=\"http:\/\/www.monikavizraeli.com\/wp-content\/uploads\/2019\/03\/DSC_0132-e1553204504630-169x300.jpg\" alt=\"\" width=\"169\" height=\"300\" \/><\/p>\n","protected":false},"excerpt":{"rendered":"<p>Skoro m\u011bs\u00edc od chv\u00edle, co na blog nep\u0159ibylo nic v\u00edc, ne\u017e obs\u00e1hlej\u0161\u00ed koment\u00e1\u0159 k&nbsp;fotk\u00e1m. To znamen\u00e1 jedin\u00e9 \u2013 pad\u00e1m na hubu. Ne \u017ee bych nep\u0159edpokl\u00e1dala, \u017ee k&nbsp;tomu dojde, ale asi jsem ne\u010dekala, \u017ee to bude za stavu, kdy se nic moc zvl\u00e1\u0161tn\u00edho ned\u011bje. Prost\u011b jen koloto\u010d nabral na obr\u00e1tk\u00e1ch. To je dost d\u011bsiv\u00e9, proto\u017ee to &hellip; <\/p>\n<p class=\"link-more\"><a href=\"https:\/\/www.monikavizraeli.com\/index.php\/2019\/03\/21\/kolotoc-doma-nabral-obratky-aneb-padam-na-hubu\/\" class=\"more-link\">Pokra\u010dovat ve \u010dten\u00ed<span class=\"screen-reader-text\"> &#8222;Koloto\u010d doma nabral obr\u00e1tky aneb pad\u00e1m na hubu&#8220;<\/span><\/a><\/p>\n","protected":false},"author":1,"featured_media":0,"comment_status":"open","ping_status":"open","sticky":false,"template":"","format":"standard","meta":{"_monsterinsights_skip_tracking":false,"_monsterinsights_sitenote_active":false,"_monsterinsights_sitenote_note":"","_monsterinsights_sitenote_category":0,"ngg_post_thumbnail":0,"footnotes":""},"categories":[4,13],"tags":[],"class_list":["post-1323","post","type-post","status-publish","format-standard","hentry","category-blog","category-z-bezneho-zivota"],"_links":{"self":[{"href":"https:\/\/www.monikavizraeli.com\/index.php\/wp-json\/wp\/v2\/posts\/1323","targetHints":{"allow":["GET"]}}],"collection":[{"href":"https:\/\/www.monikavizraeli.com\/index.php\/wp-json\/wp\/v2\/posts"}],"about":[{"href":"https:\/\/www.monikavizraeli.com\/index.php\/wp-json\/wp\/v2\/types\/post"}],"author":[{"embeddable":true,"href":"https:\/\/www.monikavizraeli.com\/index.php\/wp-json\/wp\/v2\/users\/1"}],"replies":[{"embeddable":true,"href":"https:\/\/www.monikavizraeli.com\/index.php\/wp-json\/wp\/v2\/comments?post=1323"}],"version-history":[{"count":7,"href":"https:\/\/www.monikavizraeli.com\/index.php\/wp-json\/wp\/v2\/posts\/1323\/revisions"}],"predecessor-version":[{"id":1334,"href":"https:\/\/www.monikavizraeli.com\/index.php\/wp-json\/wp\/v2\/posts\/1323\/revisions\/1334"}],"wp:attachment":[{"href":"https:\/\/www.monikavizraeli.com\/index.php\/wp-json\/wp\/v2\/media?parent=1323"}],"wp:term":[{"taxonomy":"category","embeddable":true,"href":"https:\/\/www.monikavizraeli.com\/index.php\/wp-json\/wp\/v2\/categories?post=1323"},{"taxonomy":"post_tag","embeddable":true,"href":"https:\/\/www.monikavizraeli.com\/index.php\/wp-json\/wp\/v2\/tags?post=1323"}],"curies":[{"name":"wp","href":"https:\/\/api.w.org\/{rel}","templated":true}]}}