{"id":1316,"date":"2019-03-12T13:29:46","date_gmt":"2019-03-12T13:29:46","guid":{"rendered":"http:\/\/www.monikavizraeli.com\/?p=1316"},"modified":"2019-03-12T13:29:46","modified_gmt":"2019-03-12T13:29:46","slug":"les-v-tal-el-v-plnem-kvetu","status":"publish","type":"post","link":"https:\/\/www.monikavizraeli.com\/index.php\/2019\/03\/12\/les-v-tal-el-v-plnem-kvetu\/","title":{"rendered":"Les v&nbsp;Tal El v&nbsp;pln\u00e9m kv\u011btu"},"content":{"rendered":"<p>Opakuju se, ale nem\u016f\u017eu si pomoct.\u00a0\u00a0Odvezli jsme Neva do \u0161kolky, mimino cestou usnulo a j\u00e1 neodolala a hned po pr\u016fjezdu bezpe\u010dnostn\u00ed br\u00e1nou do Tal El (ano, m\u00e1me kolem vesnice plot a br\u00e1nu, jako spousta dal\u0161\u00edch v&nbsp;Izraeli\u00a0<span class=\"_47e3 _5mfr\" title=\"Emotikona smile\"><span class=\"_7oe\" aria-hidden=\"true\">\ud83d\ude42<\/span><\/span>) hledala flek k&nbsp;zastaven\u00ed. Po p\u00e1r des\u00edtk\u00e1ch metr\u016f jsem to zap\u00edchla do lesa a zat\u00edmco mimino spalo, pob\u00edhala jsem pobl\u00ed\u017e auta a fotila tu n\u00e1dheru. Skoro p\u016flka b\u0159ezna, n\u011bco p\u0159es dv\u011b hodiny od rozb\u0159esku. Kv\u011btena je z\u0159ejm\u011b na \u0161pi\u010dce, kr\u00e1sn\u011bj\u0161\u00ed to u\u017e b\u00fdt prost\u011b nem\u016f\u017ee. \u0160koda, \u017ee nejde vyfotit taky ta omamn\u00e1 v\u016fn\u011b!<\/p>\n<p><img loading=\"lazy\" decoding=\"async\" class=\"alignnone size-medium wp-image-1317\" src=\"http:\/\/www.monikavizraeli.com\/wp-content\/uploads\/2019\/03\/DSC_0471-300x169.jpg\" alt=\"\" width=\"300\" height=\"169\" \/> <img loading=\"lazy\" decoding=\"async\" class=\"alignnone size-medium wp-image-1318\" src=\"http:\/\/www.monikavizraeli.com\/wp-content\/uploads\/2019\/03\/DSC_0472-300x169.jpg\" alt=\"\" width=\"300\" height=\"169\" \/> <img loading=\"lazy\" decoding=\"async\" class=\"alignnone size-medium wp-image-1319\" src=\"http:\/\/www.monikavizraeli.com\/wp-content\/uploads\/2019\/03\/DSC_0474-300x169.jpg\" alt=\"\" width=\"300\" height=\"169\" \/> <img loading=\"lazy\" decoding=\"async\" class=\"alignnone size-medium wp-image-1320\" src=\"http:\/\/www.monikavizraeli.com\/wp-content\/uploads\/2019\/03\/DSC_0479-300x169.jpg\" alt=\"\" width=\"300\" height=\"169\" \/> <img loading=\"lazy\" decoding=\"async\" class=\"alignnone size-medium wp-image-1321\" src=\"http:\/\/www.monikavizraeli.com\/wp-content\/uploads\/2019\/03\/DSC_0484-300x169.jpg\" alt=\"\" width=\"300\" height=\"169\" \/><\/p>\n","protected":false},"excerpt":{"rendered":"<p>Opakuju se, ale nem\u016f\u017eu si pomoct.\u00a0\u00a0Odvezli jsme Neva do \u0161kolky, mimino cestou usnulo a j\u00e1 neodolala a hned po pr\u016fjezdu bezpe\u010dnostn\u00ed br\u00e1nou do Tal El (ano, m\u00e1me kolem vesnice plot a br\u00e1nu, jako spousta dal\u0161\u00edch v&nbsp;Izraeli\u00a0\ud83d\ude42) hledala flek k&nbsp;zastaven\u00ed. Po p\u00e1r des\u00edtk\u00e1ch metr\u016f jsem to zap\u00edchla do lesa a zat\u00edmco mimino spalo, pob\u00edhala jsem pobl\u00ed\u017e &hellip; <\/p>\n<p class=\"link-more\"><a href=\"https:\/\/www.monikavizraeli.com\/index.php\/2019\/03\/12\/les-v-tal-el-v-plnem-kvetu\/\" class=\"more-link\">Pokra\u010dovat ve \u010dten\u00ed<span class=\"screen-reader-text\"> &#8222;Les v&nbsp;Tal El v&nbsp;pln\u00e9m kv\u011btu&#8220;<\/span><\/a><\/p>\n","protected":false},"author":1,"featured_media":0,"comment_status":"open","ping_status":"open","sticky":false,"template":"","format":"standard","meta":{"_monsterinsights_skip_tracking":false,"_monsterinsights_sitenote_active":false,"_monsterinsights_sitenote_note":"","_monsterinsights_sitenote_category":0,"ngg_post_thumbnail":0,"footnotes":""},"categories":[4,6],"tags":[],"class_list":["post-1316","post","type-post","status-publish","format-standard","hentry","category-blog","category-fauna-a-flora"],"_links":{"self":[{"href":"https:\/\/www.monikavizraeli.com\/index.php\/wp-json\/wp\/v2\/posts\/1316","targetHints":{"allow":["GET"]}}],"collection":[{"href":"https:\/\/www.monikavizraeli.com\/index.php\/wp-json\/wp\/v2\/posts"}],"about":[{"href":"https:\/\/www.monikavizraeli.com\/index.php\/wp-json\/wp\/v2\/types\/post"}],"author":[{"embeddable":true,"href":"https:\/\/www.monikavizraeli.com\/index.php\/wp-json\/wp\/v2\/users\/1"}],"replies":[{"embeddable":true,"href":"https:\/\/www.monikavizraeli.com\/index.php\/wp-json\/wp\/v2\/comments?post=1316"}],"version-history":[{"count":1,"href":"https:\/\/www.monikavizraeli.com\/index.php\/wp-json\/wp\/v2\/posts\/1316\/revisions"}],"predecessor-version":[{"id":1322,"href":"https:\/\/www.monikavizraeli.com\/index.php\/wp-json\/wp\/v2\/posts\/1316\/revisions\/1322"}],"wp:attachment":[{"href":"https:\/\/www.monikavizraeli.com\/index.php\/wp-json\/wp\/v2\/media?parent=1316"}],"wp:term":[{"taxonomy":"category","embeddable":true,"href":"https:\/\/www.monikavizraeli.com\/index.php\/wp-json\/wp\/v2\/categories?post=1316"},{"taxonomy":"post_tag","embeddable":true,"href":"https:\/\/www.monikavizraeli.com\/index.php\/wp-json\/wp\/v2\/tags?post=1316"}],"curies":[{"name":"wp","href":"https:\/\/api.w.org\/{rel}","templated":true}]}}