{"id":1303,"date":"2019-03-11T19:59:03","date_gmt":"2019-03-11T19:59:03","guid":{"rendered":"http:\/\/www.monikavizraeli.com\/?p=1303"},"modified":"2019-03-11T20:06:34","modified_gmt":"2019-03-11T20:06:34","slug":"nevo-slavil-ve-skolce-narozeniny-pul-rok-sem-pul-rok-tam-hlavne-ze-se-nakonec-slavi","status":"publish","type":"post","link":"https:\/\/www.monikavizraeli.com\/index.php\/2019\/03\/11\/nevo-slavil-ve-skolce-narozeniny-pul-rok-sem-pul-rok-tam-hlavne-ze-se-nakonec-slavi\/","title":{"rendered":"Nevo slavil ve \u0161kolce narozeniny. P\u016fl rok sem, p\u016fl rok tam, hlavn\u011b \u017ee se nakonec slav\u00ed :-)."},"content":{"rendered":"<p>Pod heslem \u201elep\u0161\u00ed pozd\u011b ne\u017eli pozd\u011bji\u201c oslavil Nevo druh\u00fd b\u0159eznov\u00fd p\u00e1tek ve \u0161kolce narozeniny, kter\u00e9 m\u011bl v&nbsp;listopadu. Z&nbsp;\u010d\u00e1sti proto, \u017ee se v\u0161emi oslavami se za\u010d\u00ednalo a\u017e po Chanuce, \u010dili na konci prosince, a z&nbsp;\u010d\u00e1sti kv\u016fli tomu, \u017ee po p\u0159edchoz\u00edch zku\u0161enostech jsme \u010dekali, a\u017e se n\u00e1\u0161 nesm\u011bl\u00fd klu\u010d\u00edk ve \u0161kolce \u0159\u00e1dn\u011b otrk\u00e1, aby byl v\u016fbec ochotn\u00fd spolupracovat. I kdy\u017e posledn\u00ed dva t\u00fddny z&nbsp;v\u011bt\u0161\u00ed \u010d\u00e1sti promarodil, v\u0161echno dob\u0159e dopadlo. Oslava ho bavila, nest\u00e1vkoval u \u017e\u00e1dn\u00e9ho ritu\u00e1lu ani \u00fakolu, naopak se projevoval tak spont\u00e1nn\u011b a sebejist\u011b, \u017ee z&nbsp;toho vychovatelka byla v&nbsp;\u0161oku. \u00dapln\u011b prvn\u011b si nechal p\u0159ehodit talit p\u0159es ramena a \u201ep\u0159ed\u010d\u00edtat\u201c p\u0159ed celou t\u0159\u00eddou rann\u00ed po\u017eehn\u00e1n\u00ed. Eitan, a\u010d byl ospal\u00fd a hladov\u00fd, trp\u011bliv\u011b sledoval celou oslavu a vracel \u00fasm\u011bvy Nevov\u00fdm spolu\u017ea\u010dk\u00e1m, co z&nbsp;n\u011bj byly \u00fapln\u011b na v\u011btvi (a my z&nbsp;nich, kdy\u017e jsme jim po 120 opakovali, a\u0165 mu nehmataj na obli\u010dej :D). Mno, jemu to rozhodn\u011b nevadilo tak jako n\u00e1m. Narozeniny se slav\u00ed po dvojic\u00edch, Nevo nafasoval spolu\u017ea\u010dku jm\u00e9nem Moria. Co\u017e bylo vtipn\u00e9, proto\u017ee oba dva nesou jm\u00e9no hory :-). V&nbsp;izraelsk\u00fdch \u0161kolk\u00e1ch d\u011bti nedost\u00e1vaj\u00ed j\u00eddlo, ale nos\u00ed si ka\u017ed\u00fd den svoj\u00ed sva\u010dinu. V&nbsp;p\u0159\u00edpad\u011b oslavy narozenin za\u0159\u00edzuj\u00ed rodi\u010de oslavenc\u016f sn\u00eddani pro celou t\u0159\u00eddu, narozeninov\u00fd dort a d\u00e1rek do \u0161kolky. O zaslan\u00fd seznam jsme se spravedliv\u011b pod\u011blili s&nbsp;rodi\u010di Morie a zat\u00edmco oni dodali va\u0159en\u00e1 vejce, pita chleby, s\u00fdry a dort, my se p\u0159ihl\u00e1sili o n\u00e1kup d\u00e1rku pro \u0161kolku, p\u0159ipravili zeleninov\u00fd sal\u00e1t, p\u0159idali 6 kel\u00edmk\u016f cottage a plastov\u00e9 vidli\u010dky. P\u0159\u00edpravou j\u00eddla to pro rodi\u010de neskon\u010dilo, \u00fa\u010dastnili jsme se aktivn\u011b samotn\u00e9 oslavy. Absolvovali test\u00edk, jak dob\u0159e sv\u00e9 ratolesti zn\u00e1me a jestli v\u00edme, co nejrad\u011bji j\u00ed a d\u011blaj\u00ed venku, ve \u0161kolce a doma s&nbsp;ka\u017ed\u00fdm \u010dlenem rodiny. Sout\u011b\u017eily jsme s&nbsp;maminkou Morie, kter\u00e1 z&nbsp;n\u00e1s poslepu najde b\u011bhem p\u00edsni\u010dky na sv\u00e9m potomkovi v\u00edc nakol\u00ed\u010dkovan\u00fdch pap\u00edrov\u00fdch pusinek (a po ka\u017ed\u00e9m n\u00e1lezu mu jednu opravdovou d\u00e1 :-)). P\u0159\u00edle\u017eitostn\u011b jsme byli vyz\u00fdv\u00e1ni k&nbsp;tanci a dal\u0161\u00edmu skota\u010den\u00ed. Atmosf\u00e9ra tak p\u0159\u00edjemn\u00e1, \u017ee jsem ani j\u00e1 kupodivu nem\u011bla tr\u00e9mu, oslavenci z\u00e1\u0159ili ze sv\u00fdch tr\u016fn\u016f a n\u00e1m rodi\u010d\u016fm se leskly o\u010di dojet\u00edm. A hluboko smek\u00e1m p\u0159ed t\u00fdmem vychovatelek, jak kr\u00e1sn\u011b dok\u00e1\u017e\u00ed pracovat s&nbsp;30 prcky ve v\u011bku 3 \u2013 6 let. I kdy\u017e samy p\u0159izn\u00e1vaj\u00ed, \u017ee \u0161kolka je n\u011bkdy dost d\u017eungle, b\u011bhem t\u00e9 hodiny a p\u016fl, co jsme tam str\u00e1vili, to tak nevypadalo ani trochu!<\/p>\n<p><img loading=\"lazy\" decoding=\"async\" class=\"alignnone size-medium wp-image-1304\" src=\"http:\/\/www.monikavizraeli.com\/wp-content\/uploads\/2019\/03\/DSC_0324-169x300.jpg\" alt=\"\" width=\"169\" height=\"300\" \/> <img loading=\"lazy\" decoding=\"async\" class=\"alignnone size-medium wp-image-1305\" src=\"http:\/\/www.monikavizraeli.com\/wp-content\/uploads\/2019\/03\/DSC_0327-300x169.jpg\" alt=\"\" width=\"300\" height=\"169\" \/> <img loading=\"lazy\" decoding=\"async\" class=\"alignnone size-medium wp-image-1306\" src=\"http:\/\/www.monikavizraeli.com\/wp-content\/uploads\/2019\/03\/DSC_0330-300x169.jpg\" alt=\"\" width=\"300\" height=\"169\" \/> <img loading=\"lazy\" decoding=\"async\" class=\"alignnone size-medium wp-image-1307\" src=\"http:\/\/www.monikavizraeli.com\/wp-content\/uploads\/2019\/03\/DSC_0351-300x169.jpg\" alt=\"\" width=\"300\" height=\"169\" \/> <img loading=\"lazy\" decoding=\"async\" class=\"alignnone size-medium wp-image-1308\" src=\"http:\/\/www.monikavizraeli.com\/wp-content\/uploads\/2019\/03\/DSC_0361-187x300.jpg\" alt=\"\" width=\"187\" height=\"300\" \/> <img loading=\"lazy\" decoding=\"async\" class=\"alignnone size-medium wp-image-1309\" src=\"http:\/\/www.monikavizraeli.com\/wp-content\/uploads\/2019\/03\/DSC_0369-300x169.jpg\" alt=\"\" width=\"300\" height=\"169\" \/> <img loading=\"lazy\" decoding=\"async\" class=\"alignnone size-medium wp-image-1311\" src=\"http:\/\/www.monikavizraeli.com\/wp-content\/uploads\/2019\/03\/DSC_0389-169x300.jpg\" alt=\"\" width=\"169\" height=\"300\" \/> <img loading=\"lazy\" decoding=\"async\" class=\"alignnone size-medium wp-image-1312\" src=\"http:\/\/www.monikavizraeli.com\/wp-content\/uploads\/2019\/03\/DSC_0397-169x300.jpg\" alt=\"\" width=\"169\" height=\"300\" \/><\/p>\n","protected":false},"excerpt":{"rendered":"<p>Pod heslem \u201elep\u0161\u00ed pozd\u011b ne\u017eli pozd\u011bji\u201c oslavil Nevo druh\u00fd b\u0159eznov\u00fd p\u00e1tek ve \u0161kolce narozeniny, kter\u00e9 m\u011bl v&nbsp;listopadu. Z&nbsp;\u010d\u00e1sti proto, \u017ee se v\u0161emi oslavami se za\u010d\u00ednalo a\u017e po Chanuce, \u010dili na konci prosince, a z&nbsp;\u010d\u00e1sti kv\u016fli tomu, \u017ee po p\u0159edchoz\u00edch zku\u0161enostech jsme \u010dekali, a\u017e se n\u00e1\u0161 nesm\u011bl\u00fd klu\u010d\u00edk ve \u0161kolce \u0159\u00e1dn\u011b otrk\u00e1, aby byl v\u016fbec ochotn\u00fd &hellip; <\/p>\n<p class=\"link-more\"><a href=\"https:\/\/www.monikavizraeli.com\/index.php\/2019\/03\/11\/nevo-slavil-ve-skolce-narozeniny-pul-rok-sem-pul-rok-tam-hlavne-ze-se-nakonec-slavi\/\" class=\"more-link\">Pokra\u010dovat ve \u010dten\u00ed<span class=\"screen-reader-text\"> &#8222;Nevo slavil ve \u0161kolce narozeniny. P\u016fl rok sem, p\u016fl rok tam, hlavn\u011b \u017ee se nakonec slav\u00ed :-).&#8220;<\/span><\/a><\/p>\n","protected":false},"author":1,"featured_media":0,"comment_status":"open","ping_status":"open","sticky":false,"template":"","format":"standard","meta":{"_monsterinsights_skip_tracking":false,"_monsterinsights_sitenote_active":false,"_monsterinsights_sitenote_note":"","_monsterinsights_sitenote_category":0,"ngg_post_thumbnail":0,"footnotes":""},"categories":[4,13],"tags":[],"class_list":["post-1303","post","type-post","status-publish","format-standard","hentry","category-blog","category-z-bezneho-zivota"],"_links":{"self":[{"href":"https:\/\/www.monikavizraeli.com\/index.php\/wp-json\/wp\/v2\/posts\/1303","targetHints":{"allow":["GET"]}}],"collection":[{"href":"https:\/\/www.monikavizraeli.com\/index.php\/wp-json\/wp\/v2\/posts"}],"about":[{"href":"https:\/\/www.monikavizraeli.com\/index.php\/wp-json\/wp\/v2\/types\/post"}],"author":[{"embeddable":true,"href":"https:\/\/www.monikavizraeli.com\/index.php\/wp-json\/wp\/v2\/users\/1"}],"replies":[{"embeddable":true,"href":"https:\/\/www.monikavizraeli.com\/index.php\/wp-json\/wp\/v2\/comments?post=1303"}],"version-history":[{"count":3,"href":"https:\/\/www.monikavizraeli.com\/index.php\/wp-json\/wp\/v2\/posts\/1303\/revisions"}],"predecessor-version":[{"id":1315,"href":"https:\/\/www.monikavizraeli.com\/index.php\/wp-json\/wp\/v2\/posts\/1303\/revisions\/1315"}],"wp:attachment":[{"href":"https:\/\/www.monikavizraeli.com\/index.php\/wp-json\/wp\/v2\/media?parent=1303"}],"wp:term":[{"taxonomy":"category","embeddable":true,"href":"https:\/\/www.monikavizraeli.com\/index.php\/wp-json\/wp\/v2\/categories?post=1303"},{"taxonomy":"post_tag","embeddable":true,"href":"https:\/\/www.monikavizraeli.com\/index.php\/wp-json\/wp\/v2\/tags?post=1303"}],"curies":[{"name":"wp","href":"https:\/\/api.w.org\/{rel}","templated":true}]}}