{"id":1272,"date":"2019-02-21T21:34:46","date_gmt":"2019-02-21T21:34:46","guid":{"rendered":"http:\/\/www.monikavizraeli.com\/?p=1272"},"modified":"2019-02-21T21:36:28","modified_gmt":"2019-02-21T21:36:28","slug":"na-lovu-opuncie","status":"publish","type":"post","link":"https:\/\/www.monikavizraeli.com\/index.php\/2019\/02\/21\/na-lovu-opuncie\/","title":{"rendered":"Na lovu opuncie"},"content":{"rendered":"<p>Opuncie je plod kaktusu, kter\u00fd se v&nbsp;Izraeli jmenuje sabres a \u0159\u00edk\u00e1 se mu tak\u00e9 cabar. Pr\u00e1v\u011b podle tohoto plodu v&nbsp;tlust\u00e9 pevn\u00e9 slupce po\u010foban\u00e9 punt\u00edky z&nbsp;miniaturn\u00edch bodlinek, kter\u00e1 skr\u00fdv\u00e1 sladk\u00e9 a \u0161\u0165avnat\u00e9 ovoce, se \u0159\u00edk\u00e1 \u201ecab\u00e1r\u201c tak\u00e9 ka\u017ed\u00e9mu, kdo se narodil v&nbsp;Izraeli. <span lang=\"cs-CZ\">Te\u010f pr\u00e1v\u011b za\u010d\u00edn\u00e1 sez\u00f3na, kdy opuncie dozr\u00e1vaj\u00ed. Zral\u00e9 plody jsou oran\u017eov\u00e9 a\u017e \u010derven\u00e9 z&nbsp;venku a syt\u011b \u017eluto oran\u017eov\u00e9 uvnit\u0159, s&nbsp;mal\u00fdmi tvrd\u00fdmi zrn\u00ed\u010dky.<\/span><\/p>\n<p><span lang=\"cs-CZ\">A pro\u010d se opuncie sp\u00ed\u0161 lov\u00ed ne\u017e sb\u00edr\u00e1? Kdy\u017e u\u017e se v\u00e1m bez z\u00e1sadn\u011bj\u0161\u00ed \u00fajmy poda\u0159\u00ed dostat plodu na dosah, rozhodn\u011b jej nem\u016f\u017eete jen tak sebrat. Mali\u010dk\u00e9 jehli\u010dky v&nbsp;dlan\u00edch a na prstech by v\u00e1m neuv\u00e1\u017een\u00fd dotek nep\u0159\u00edjemn\u011b p\u0159ipom\u00ednaly je\u0161t\u011b hodn\u011b dlouhou dobu&#8230; Z\u00edskat plod vy\u017eaduje n\u00e1ro\u010dnou a hlavn\u011b velmi opatrnou manipulaci, ide\u00e1ln\u011b v&nbsp;gumov\u00fdch rukavic\u00edch, kter\u00e9 si sebou ale obvykle na v\u00fdlety nebereme&#8230; Man\u017eel cab\u00e1r je na\u0161t\u011bst\u00ed ji\u017e docela zku\u0161en\u00fd lovec a vysta\u010dil si s&nbsp;p\u00e1rem klac\u00edk\u016f. Z\u00e1lesack\u00e1 kudla se postarala o zbytek a m\u016f\u017eem tak s&nbsp;Nevem s&nbsp;klidn\u00fdm sv\u011bdom\u00edm onen za\u010d\u00e1tek sez\u00f3ny potvrdit. Daniel hl\u00e1sil ze vzd\u00e1lenosti dvou metr\u016f, \u017ee mu to nechutn\u00e1. Po dlouh\u00e9m p\u0159emlouv\u00e1n\u00ed to nakonec aspo\u0148 ol\u00edz. Eitan vypadal, \u017ee by si dal, ale tomu jsem zat\u00edm necht\u011bla d\u00e1t j\u00e1. <\/span><\/p>\n<p><span lang=\"cs-CZ\">Kdo si netrouf\u00e1 na lov, v&nbsp;reg\u00e1lech supermarket\u016f je najde taky. Ale to m\u00e1 p\u0159ece jen men\u0161\u00ed kouzlo \ud83d\ude09<\/span><\/p>\n<figure id=\"attachment_1277\" aria-describedby=\"caption-attachment-1277\" style=\"width: 300px\" class=\"wp-caption alignnone\"><img loading=\"lazy\" decoding=\"async\" class=\"wp-image-1277 size-medium\" src=\"http:\/\/www.monikavizraeli.com\/wp-content\/uploads\/2019\/02\/DSC_0157-300x169.jpg\" alt=\"\" width=\"300\" height=\"169\" \/><figcaption id=\"caption-attachment-1277\" class=\"wp-caption-text\">Kaktus opuncie &#8211; &#8222;sabres&#8220;<\/figcaption><\/figure>\n<figure id=\"attachment_1279\" aria-describedby=\"caption-attachment-1279\" style=\"width: 169px\" class=\"wp-caption alignnone\"><img loading=\"lazy\" decoding=\"async\" class=\"wp-image-1279 size-medium\" src=\"http:\/\/www.monikavizraeli.com\/wp-content\/uploads\/2019\/02\/DSC_0162-169x300.jpg\" alt=\"\" width=\"169\" height=\"300\" \/><figcaption id=\"caption-attachment-1279\" class=\"wp-caption-text\">Plod kaktusu opuncie<\/figcaption><\/figure>\n<figure id=\"attachment_1278\" aria-describedby=\"caption-attachment-1278\" style=\"width: 300px\" class=\"wp-caption alignnone\"><img loading=\"lazy\" decoding=\"async\" class=\"wp-image-1278 size-medium\" src=\"http:\/\/www.monikavizraeli.com\/wp-content\/uploads\/2019\/02\/DSC_0158-300x169.jpg\" alt=\"\" width=\"300\" height=\"169\" \/><figcaption id=\"caption-attachment-1278\" class=\"wp-caption-text\">plod kaktusu &#8211; opuncie<\/figcaption><\/figure>\n<figure id=\"attachment_1281\" aria-describedby=\"caption-attachment-1281\" style=\"width: 169px\" class=\"wp-caption alignnone\"><img loading=\"lazy\" decoding=\"async\" class=\"wp-image-1281 size-medium\" src=\"http:\/\/www.monikavizraeli.com\/wp-content\/uploads\/2019\/02\/DSC_0177-169x300.jpg\" alt=\"\" width=\"169\" height=\"300\" \/><figcaption id=\"caption-attachment-1281\" class=\"wp-caption-text\">Nevo prvn\u011b ochutn\u00e1v\u00e1 opuncii<\/figcaption><\/figure>\n<figure id=\"attachment_1280\" aria-describedby=\"caption-attachment-1280\" style=\"width: 300px\" class=\"wp-caption alignnone\"><img loading=\"lazy\" decoding=\"async\" class=\"wp-image-1280 size-medium\" src=\"http:\/\/www.monikavizraeli.com\/wp-content\/uploads\/2019\/02\/DSC_0170-300x169.jpg\" alt=\"\" width=\"300\" height=\"169\" \/><figcaption id=\"caption-attachment-1280\" class=\"wp-caption-text\">pod tlustou a pichlavou slupkou opuncie se skr\u00fdv\u00e1 \u0161\u0165avnat\u00e9 sladk\u00e9 ovoce<\/figcaption><\/figure>\n<figure id=\"attachment_1282\" aria-describedby=\"caption-attachment-1282\" style=\"width: 300px\" class=\"wp-caption alignnone\"><img loading=\"lazy\" decoding=\"async\" class=\"wp-image-1282 size-medium\" src=\"http:\/\/www.monikavizraeli.com\/wp-content\/uploads\/2019\/02\/DSC_0195-300x169.jpg\" alt=\"\" width=\"300\" height=\"169\" \/><figcaption id=\"caption-attachment-1282\" class=\"wp-caption-text\">moji \u010dty\u0159i &#8222;cab\u00e1\u0159i&#8220; p\u0159ed cabarem \ud83d\ude42<\/figcaption><\/figure>\n","protected":false},"excerpt":{"rendered":"<p>Opuncie je plod kaktusu, kter\u00fd se v&nbsp;Izraeli jmenuje sabres a \u0159\u00edk\u00e1 se mu tak\u00e9 cabar. Pr\u00e1v\u011b podle tohoto plodu v&nbsp;tlust\u00e9 pevn\u00e9 slupce po\u010foban\u00e9 punt\u00edky z&nbsp;miniaturn\u00edch bodlinek, kter\u00e1 skr\u00fdv\u00e1 sladk\u00e9 a \u0161\u0165avnat\u00e9 ovoce, se \u0159\u00edk\u00e1 \u201ecab\u00e1r\u201c tak\u00e9 ka\u017ed\u00e9mu, kdo se narodil v&nbsp;Izraeli. Te\u010f pr\u00e1v\u011b za\u010d\u00edn\u00e1 sez\u00f3na, kdy opuncie dozr\u00e1vaj\u00ed. Zral\u00e9 plody jsou oran\u017eov\u00e9 a\u017e \u010derven\u00e9 z&nbsp;venku &hellip; <\/p>\n<p class=\"link-more\"><a href=\"https:\/\/www.monikavizraeli.com\/index.php\/2019\/02\/21\/na-lovu-opuncie\/\" class=\"more-link\">Pokra\u010dovat ve \u010dten\u00ed<span class=\"screen-reader-text\"> &#8222;Na lovu opuncie&#8220;<\/span><\/a><\/p>\n","protected":false},"author":1,"featured_media":0,"comment_status":"open","ping_status":"open","sticky":false,"template":"","format":"standard","meta":{"_monsterinsights_skip_tracking":false,"_monsterinsights_sitenote_active":false,"_monsterinsights_sitenote_note":"","_monsterinsights_sitenote_category":0,"ngg_post_thumbnail":0,"footnotes":""},"categories":[4,6,7],"tags":[],"class_list":["post-1272","post","type-post","status-publish","format-standard","hentry","category-blog","category-fauna-a-flora","category-jidlo"],"_links":{"self":[{"href":"https:\/\/www.monikavizraeli.com\/index.php\/wp-json\/wp\/v2\/posts\/1272","targetHints":{"allow":["GET"]}}],"collection":[{"href":"https:\/\/www.monikavizraeli.com\/index.php\/wp-json\/wp\/v2\/posts"}],"about":[{"href":"https:\/\/www.monikavizraeli.com\/index.php\/wp-json\/wp\/v2\/types\/post"}],"author":[{"embeddable":true,"href":"https:\/\/www.monikavizraeli.com\/index.php\/wp-json\/wp\/v2\/users\/1"}],"replies":[{"embeddable":true,"href":"https:\/\/www.monikavizraeli.com\/index.php\/wp-json\/wp\/v2\/comments?post=1272"}],"version-history":[{"count":2,"href":"https:\/\/www.monikavizraeli.com\/index.php\/wp-json\/wp\/v2\/posts\/1272\/revisions"}],"predecessor-version":[{"id":1284,"href":"https:\/\/www.monikavizraeli.com\/index.php\/wp-json\/wp\/v2\/posts\/1272\/revisions\/1284"}],"wp:attachment":[{"href":"https:\/\/www.monikavizraeli.com\/index.php\/wp-json\/wp\/v2\/media?parent=1272"}],"wp:term":[{"taxonomy":"category","embeddable":true,"href":"https:\/\/www.monikavizraeli.com\/index.php\/wp-json\/wp\/v2\/categories?post=1272"},{"taxonomy":"post_tag","embeddable":true,"href":"https:\/\/www.monikavizraeli.com\/index.php\/wp-json\/wp\/v2\/tags?post=1272"}],"curies":[{"name":"wp","href":"https:\/\/api.w.org\/{rel}","templated":true}]}}