{"id":1224,"date":"2019-01-31T19:08:44","date_gmt":"2019-01-31T19:08:44","guid":{"rendered":"http:\/\/www.monikavizraeli.com\/?p=1224"},"modified":"2019-01-31T19:08:44","modified_gmt":"2019-01-31T19:08:44","slug":"nas-les-v-lednu","status":"publish","type":"post","link":"https:\/\/www.monikavizraeli.com\/index.php\/2019\/01\/31\/nas-les-v-lednu\/","title":{"rendered":"&#8222;N\u00e1\u0161&#8220; les v&nbsp;lednu"},"content":{"rendered":"<p>Na\u0161e vesni\u010dka Tal El se kr\u010d\u00ed uprost\u0159ed lesa Ahihud. Po odbo\u010den\u00ed z&nbsp;hlavn\u00ed silnice k&nbsp;ceduli Tal El se po m\u00edrn\u011b klikat\u00edc\u00ed se silnici p\u0159ibl\u00ed\u017e\u00edme k&nbsp;bezpe\u010dnostn\u00ed br\u00e1n\u011b vesnice a hned po vjezdu jsme z&nbsp;obou stran obklopeni lesem. V&nbsp;zimn\u00edm obdob\u00ed, kdy hojn\u011b pr\u0161\u00ed, teploty se dr\u017e\u00ed pod dvac\u00edtkou a nehroz\u00ed \u017e\u00e1dn\u00e9 po\u017e\u00e1ry, je ta prav\u00e1 chv\u00edle na proch\u00e1zku po takzvan\u00e9 &#8222;brambo\u0159\u00edkov\u00e9 stezce&#8220;. V&nbsp;sobotu jsme se na n\u00ed vydali i my, ale to jsem kv\u016fli \u0161abatov\u00fdm omezen\u00edm byla bez telefonu a tud\u00ed\u017e bez fo\u0165\u00e1ku, tak jsme si tam pro jistotu za\u0161li dnes znovu. Stezka je lemovan\u00e1\u00a0 stovkami\u00a0 metr\u016f \u010dtvere\u010dn\u00edch zelen\u00fdch koberc\u016f s&nbsp;kvetouc\u00edmi brambo\u0159\u00edky. V&nbsp;z\u00e1plav\u011b p\u0159ev\u00e1\u017en\u011b sn\u011bhov\u011b b\u00edl\u00fdch kv\u011bt\u016f se \u0159id\u010deji objev\u00ed i nar\u016f\u017eov\u011bl\u00e9 a sem tam \u010derven\u011b zaz\u00e1\u0159\u00ed dal\u0161\u00ed sez\u00f3nn\u00ed kv\u011btinka &#8211; sasanka. Kdysi jimi b\u00fdvala hust\u011b poset\u00e1 louka pod olivovn\u00edky bl\u00edzko synagogy, ale u\u017e l\u00e9ta tam po \u010derven\u00e9 nen\u00ed ani pam\u00e1tky. Tak snad n\u00e1m vydr\u017e\u00ed aspo\u0148 poh\u00e1dkov\u00fd les s&nbsp;t\u011bmi brambo\u0159\u00edky! A jestli chcete vid\u011bt takovou par\u00e1du v&nbsp;Izraeli tak\u00e9, p\u0159ije\u010fte n\u011bkdy od druh\u00e9 p\u016flky ledna do poloviny b\u0159ezna a zasko\u010dte do n\u011bkter\u00e9ho z&nbsp;les\u016f v&nbsp;Galilei :-).<\/p>\n<p><img loading=\"lazy\" decoding=\"async\" class=\"alignnone size-medium wp-image-1231\" src=\"http:\/\/www.monikavizraeli.com\/wp-content\/uploads\/2019\/01\/DSC_0510-300x169.jpg\" alt=\"\" width=\"300\" height=\"169\" \/> <img loading=\"lazy\" decoding=\"async\" class=\"alignnone size-medium wp-image-1228\" src=\"http:\/\/www.monikavizraeli.com\/wp-content\/uploads\/2019\/01\/DSC_0762-169x300.jpg\" alt=\"\" width=\"169\" height=\"300\" \/> <img loading=\"lazy\" decoding=\"async\" class=\"alignnone size-medium wp-image-1230\" src=\"http:\/\/www.monikavizraeli.com\/wp-content\/uploads\/2019\/01\/DSC_0507-e1548961552512-169x300.jpg\" alt=\"\" width=\"169\" height=\"300\" \/> <img loading=\"lazy\" decoding=\"async\" class=\"alignnone size-medium wp-image-1227\" src=\"http:\/\/www.monikavizraeli.com\/wp-content\/uploads\/2019\/01\/DSC_0758-169x300.jpg\" alt=\"\" width=\"169\" height=\"300\" \/> \u00a0<img loading=\"lazy\" decoding=\"async\" class=\"alignnone size-medium wp-image-1225\" src=\"http:\/\/www.monikavizraeli.com\/wp-content\/uploads\/2019\/01\/DSC_0706-e1548961521329-169x300.jpg\" alt=\"\" width=\"169\" height=\"300\" \/><\/p>\n","protected":false},"excerpt":{"rendered":"<p>Na\u0161e vesni\u010dka Tal El se kr\u010d\u00ed uprost\u0159ed lesa Ahihud. Po odbo\u010den\u00ed z&nbsp;hlavn\u00ed silnice k&nbsp;ceduli Tal El se po m\u00edrn\u011b klikat\u00edc\u00ed se silnici p\u0159ibl\u00ed\u017e\u00edme k&nbsp;bezpe\u010dnostn\u00ed br\u00e1n\u011b vesnice a hned po vjezdu jsme z&nbsp;obou stran obklopeni lesem. V&nbsp;zimn\u00edm obdob\u00ed, kdy hojn\u011b pr\u0161\u00ed, teploty se dr\u017e\u00ed pod dvac\u00edtkou a nehroz\u00ed \u017e\u00e1dn\u00e9 po\u017e\u00e1ry, je ta prav\u00e1 chv\u00edle na proch\u00e1zku &hellip; <\/p>\n<p class=\"link-more\"><a href=\"https:\/\/www.monikavizraeli.com\/index.php\/2019\/01\/31\/nas-les-v-lednu\/\" class=\"more-link\">Pokra\u010dovat ve \u010dten\u00ed<span class=\"screen-reader-text\"> &#8222;&#8222;N\u00e1\u0161&#8220; les v&nbsp;lednu&#8220;<\/span><\/a><\/p>\n","protected":false},"author":1,"featured_media":0,"comment_status":"open","ping_status":"open","sticky":false,"template":"","format":"standard","meta":{"_monsterinsights_skip_tracking":false,"_monsterinsights_sitenote_active":false,"_monsterinsights_sitenote_note":"","_monsterinsights_sitenote_category":0,"ngg_post_thumbnail":0,"footnotes":""},"categories":[4,6],"tags":[],"class_list":["post-1224","post","type-post","status-publish","format-standard","hentry","category-blog","category-fauna-a-flora"],"_links":{"self":[{"href":"https:\/\/www.monikavizraeli.com\/index.php\/wp-json\/wp\/v2\/posts\/1224","targetHints":{"allow":["GET"]}}],"collection":[{"href":"https:\/\/www.monikavizraeli.com\/index.php\/wp-json\/wp\/v2\/posts"}],"about":[{"href":"https:\/\/www.monikavizraeli.com\/index.php\/wp-json\/wp\/v2\/types\/post"}],"author":[{"embeddable":true,"href":"https:\/\/www.monikavizraeli.com\/index.php\/wp-json\/wp\/v2\/users\/1"}],"replies":[{"embeddable":true,"href":"https:\/\/www.monikavizraeli.com\/index.php\/wp-json\/wp\/v2\/comments?post=1224"}],"version-history":[{"count":1,"href":"https:\/\/www.monikavizraeli.com\/index.php\/wp-json\/wp\/v2\/posts\/1224\/revisions"}],"predecessor-version":[{"id":1232,"href":"https:\/\/www.monikavizraeli.com\/index.php\/wp-json\/wp\/v2\/posts\/1224\/revisions\/1232"}],"wp:attachment":[{"href":"https:\/\/www.monikavizraeli.com\/index.php\/wp-json\/wp\/v2\/media?parent=1224"}],"wp:term":[{"taxonomy":"category","embeddable":true,"href":"https:\/\/www.monikavizraeli.com\/index.php\/wp-json\/wp\/v2\/categories?post=1224"},{"taxonomy":"post_tag","embeddable":true,"href":"https:\/\/www.monikavizraeli.com\/index.php\/wp-json\/wp\/v2\/tags?post=1224"}],"curies":[{"name":"wp","href":"https:\/\/api.w.org\/{rel}","templated":true}]}}