{"id":1127,"date":"2018-12-09T21:06:15","date_gmt":"2018-12-09T21:06:15","guid":{"rendered":"http:\/\/www.monikavizraeli.com\/?p=1127"},"modified":"2018-12-09T21:52:50","modified_gmt":"2018-12-09T21:52:50","slug":"chanuka-co-si-k-ni-chci-pamatovat","status":"publish","type":"post","link":"https:\/\/www.monikavizraeli.com\/index.php\/2018\/12\/09\/chanuka-co-si-k-ni-chci-pamatovat\/","title":{"rendered":"Chanuka &#8211; co si k&nbsp;n\u00ed pamatuji (nebo bych r\u00e1da :-))"},"content":{"rendered":"<p>Ne\u017e v&nbsp;roce 175 p\u0159. n. l. usedl na tr\u016fn Antiochus, \u017eili si \u017did\u00e9 stovky let v\u00edcem\u00e9n\u011b spokojen\u011b v&nbsp;autonomn\u00ed oblasti Judsko, platili dan\u011b vl\u00e1dnouc\u00ed Persii, pak S\u00fdrii a nakonec \u0158ek\u016fm, a za to si mohli beztrestn\u011b vyzn\u00e1vat svoje n\u00e1bo\u017eenstv\u00ed. Antiochus na rozd\u00edl od p\u0159edchoz\u00edch vl\u00e1dc\u016f jin\u00e9 ne\u017e sob\u011b vlastn\u00ed n\u00e1bo\u017eenstv\u00ed nestrp\u011bl a postavil judaismus mimo z\u00e1kon. Za\u010dalo masakrov\u00e1n\u00ed \u017did\u016f, Jeruzal\u00e9msk\u00fd chr\u00e1m byl vyrabov\u00e1n a na jeho trosk\u00e1ch vzty\u010dena gigantick\u00e1 socha \u0159eck\u00e9ho boha Dia. Antiochem vydan\u00e1 opat\u0159en\u00ed vyprovokovala povst\u00e1n\u00ed velk\u00fdch rozm\u011br\u016f. Jeden z&nbsp;p\u0159\u00edb\u011bh\u016f vypr\u00e1v\u00ed, \u017ee to bylo pr\u00e1v\u011b pr\u00e1vo prvn\u00ed noci, kter\u00e9 vyvolalo nejv\u011bt\u0161\u00ed organizovanou vzpouru. Takov\u00fd z\u00e1sah do tradi\u010dn\u00edch hodnot \u017did\u016f d\u016fsledn\u011b dbaj\u00edc\u00edch na sv\u00e1tost man\u017eelsk\u00e9ho svazku byl tou posledn\u00ed kapkou, kterou p\u0159etekl poh\u00e1r v\u0161em, co se dosud neodhodlali zapojit. Roku 165 p\u0159. n. l. \u017eid\u00e9 slavili velk\u00e9 v\u00edt\u011bzstv\u00ed sv\u00e9 p\u011btitis\u00edcov\u00e9 arm\u00e1dy proti dvacetitis\u00edcov\u00e9 \u0159eck\u00e9. \u017did\u00e9 se okam\u017eit\u011b pustili do obnovy Chr\u00e1mu v&nbsp;znovu z\u00edskan\u00e9m Jeruzal\u00e9mu. Kde se tam vzala <a href=\"https:\/\/cs.wikipedia.org\/wiki\/Menora\">menora<\/a> se nikde moc nerozeb\u00edr\u00e1, ale asi \u0158eky nezaujala :-). Ka\u017edop\u00e1dn\u011b bylo pot\u0159eba si s&nbsp;n\u00ed sv\u00edtit. A na to sv\u00edcen\u00ed byl nutn\u00fd posv\u011bcen\u00fd olivov\u00fd olej a to v&nbsp;hojn\u00e9m mno\u017estv\u00ed. Jen\u017ee na rozd\u00edl od menory olej \u0158ekov\u00e9 vyhm\u00e1tli a rozbili nebo \u0161lohli v\u0161echny karafy a\u017e na jedinou! Tahle jedin\u00e1 karafa sv\u011bcen\u00e9ho olivov\u00e9ho oleje m\u011bla vysta\u010dit na jeden jedin\u00fd den. A te\u010f jsme u toho velk\u00e9ho z\u00e1zraku (kdy\u017e teda pomineme ten z\u00e1zrak v\u00edt\u011bzstv\u00ed p\u011bti ku dvaceti tis\u00edc\u016fm, \u017ee) \u2013 ona ta karafa vydr\u017eela na cel\u00fdch osm dn\u00ed! A za tu dobu se stihl p\u0159ipravit a posv\u011btit nov\u00fd olivov\u00fd olej. Co\u017e je teda podle m\u011b dal\u0161\u00ed z\u00e1zrak, kde teda vzali olivy, kdy\u017e u\u017e muselo b\u00fdt nutn\u011b po sez\u00f3zn\u011b.<\/p>\n<p>Mno, vzd\u011blanci to nakonec vid\u011bli hlavn\u011b v&nbsp;tom osmidenn\u00edm sv\u011btle a rozhodli, \u017ee se od t\u00e9 doby ka\u017ed\u00fd rok bude slavit Chanuka \u2013 osm dn\u00ed, po kter\u00fdch se na dev\u00edtiramenn\u00e9m sv\u00edcnu rozsv\u011bc\u00ed postupn\u011b jedna a\u017e osm sv\u00edc\u00ed (tou dev\u00e1tou se zapaluje). Zvl\u00e1dli jsme v\u0161ech osm, dv\u011b j\u00e1 sama s&nbsp;d\u011btmi, kdy\u017e byl Giyora na \u0161koln\u00edm v\u00fdlet\u011b. Klika, \u017ee letos u\u017e um\u00edm spr\u00e1vn\u011b po\u017eehnat.<\/p>\n<p>Kdy se k&nbsp;Chanuce p\u0159idaly olejem nacucan\u00e9 dobr\u016ftky, to nev\u00edm. Koblihu pr\u00fd dostali na cestu Adam a Eva, kdy\u017e je Stvo\u0159itel vykop z&nbsp;rajsk\u00fd zahrady. Hebrejsky se kobl\u00ed\u017eek \u0159ekne \u201esufgania\u201c. Kdy\u017e to rozd\u011bl\u00edme na \u201esuf\u201c \u201egan\u201c \u201eia\u201c, m\u00e1me z&nbsp;toho \u201ekonec rajsk\u00e9 zahrady\u201c. Kobliha n\u00e1m tedy symbolizuje p\u0159echod na sv\u011bt mimo rajskou zahradu. Tento sv\u011bt je jako kobliha: kulat\u00fd, se st\u0159edovou \u010d\u00e1rou v&nbsp;p\u016flce. Mus\u00edte v\u011bd\u011bt, jak jej j\u00edst, ani\u017e byste se u\u0161pinili. A nejv\u011bt\u0161\u00ed moudrost je vyhm\u00e1tnout marmel\u00e1dovou n\u00e1pl\u0148, kter\u00e1 tvo\u0159\u00ed podstatu sv\u011bta. O Chanuce teda hled\u00e1me podstatu sv\u011bta asi dva m\u011bs\u00edce, kobl\u00ed\u017eky se toti\u017e objevuj\u00ed na pultech u\u017e n\u011bkdy od p\u016flky \u0159\u00edjna. A nejzaujat\u011bji hledaj\u00ed d\u011bti.<\/p>\n<p>A pak tu m\u00e1me k\u00e1\u010du \u2013 ve v\u0161ech mo\u017en\u00fdch podob\u00e1ch, sv\u00edt\u00edc\u00ed, hraj\u00edc\u00ed Chanukov\u00e9 p\u00edsni\u010dky a melodie, v&nbsp;r\u016fzn\u00fdch tvarech, barv\u00e1ch&#8230; A \u010dty\u0159mi hebrejsk\u00fdmi p\u00edsmeny symbolizuj\u00edc\u00edmi snad pr\u00fd prvn\u00ed p\u00edsmena slov ve v\u011bt\u011b \u201eStal se zde velk\u00fd z\u00e1zrak\u201c (Nes Gadol Haja Po). Pro\u010d pr\u00e1v\u011b k\u00e1\u010da? Mo\u017en\u00e1 aby n\u00e1m p\u0159ipom\u00ednala ot\u00e1\u010dej\u00edc\u00ed se zem\u011bkouli nebo fakt, \u017ee mal\u00fdm kr\u00e1tk\u00fdm pohybem m\u016f\u017eeme n\u011bco rozto\u010dit na slu\u0161n\u011b dlouhou dobu. Kdo v\u00ed, ale hlavn\u011b \u017ee d\u011bti to bav\u00ed a j\u00e1 k\u00e1\u010d\u00e1m vd\u011b\u010d\u00edm za to, \u017ee se s&nbsp;nimi b\u011bhem sedmidenn\u00edch pr\u00e1zdnin hezky zabavily.<\/p>\n<figure id=\"attachment_1133\" aria-describedby=\"caption-attachment-1133\" style=\"width: 200px\" class=\"wp-caption alignnone\"><img loading=\"lazy\" decoding=\"async\" class=\"size-medium wp-image-1133\" src=\"http:\/\/www.monikavizraeli.com\/wp-content\/uploads\/2018\/12\/DSC_0041-200x300.jpg\" alt=\"\" width=\"200\" height=\"300\" \/><figcaption id=\"caption-attachment-1133\" class=\"wp-caption-text\">Posledn\u00ed ve\u010der u n\u00e1s doma<\/figcaption><\/figure>\n<figure id=\"attachment_1132\" aria-describedby=\"caption-attachment-1132\" style=\"width: 169px\" class=\"wp-caption alignnone\"><img loading=\"lazy\" decoding=\"async\" class=\"size-medium wp-image-1132\" src=\"http:\/\/www.monikavizraeli.com\/wp-content\/uploads\/2018\/12\/DSC_0301-e1544389286267-169x300.jpg\" alt=\"\" width=\"169\" height=\"300\" \/><figcaption id=\"caption-attachment-1132\" class=\"wp-caption-text\">Nevo na bes\u00eddce<\/figcaption><\/figure>\n<figure id=\"attachment_1131\" aria-describedby=\"caption-attachment-1131\" style=\"width: 225px\" class=\"wp-caption alignnone\"><img loading=\"lazy\" decoding=\"async\" class=\"size-medium wp-image-1131\" src=\"http:\/\/www.monikavizraeli.com\/wp-content\/uploads\/2018\/12\/WhatsApp-Image-2018-12-03-at-19.46.53-225x300.jpeg\" alt=\"\" width=\"225\" height=\"300\" \/><figcaption id=\"caption-attachment-1131\" class=\"wp-caption-text\">Daniel ve \u0161kolce v&nbsp;p\u0159\u00edprav\u00e1ch na Chanuku<\/figcaption><\/figure>\n<figure id=\"attachment_1130\" aria-describedby=\"caption-attachment-1130\" style=\"width: 300px\" class=\"wp-caption alignnone\"><img loading=\"lazy\" decoding=\"async\" class=\"size-medium wp-image-1130\" src=\"http:\/\/www.monikavizraeli.com\/wp-content\/uploads\/2018\/12\/DSC_0071-300x217.jpg\" alt=\"\" width=\"300\" height=\"217\" \/><figcaption id=\"caption-attachment-1130\" class=\"wp-caption-text\">k\u00e1\u010do, ut\u00edkej \ud83d\ude42<\/figcaption><\/figure>\n<p>&nbsp;<\/p>\n","protected":false},"excerpt":{"rendered":"<p>Ne\u017e v&nbsp;roce 175 p\u0159. n. l. usedl na tr\u016fn Antiochus, \u017eili si \u017did\u00e9 stovky let v\u00edcem\u00e9n\u011b spokojen\u011b v&nbsp;autonomn\u00ed oblasti Judsko, platili dan\u011b vl\u00e1dnouc\u00ed Persii, pak S\u00fdrii a nakonec \u0158ek\u016fm, a za to si mohli beztrestn\u011b vyzn\u00e1vat svoje n\u00e1bo\u017eenstv\u00ed. Antiochus na rozd\u00edl od p\u0159edchoz\u00edch vl\u00e1dc\u016f jin\u00e9 ne\u017e sob\u011b vlastn\u00ed n\u00e1bo\u017eenstv\u00ed nestrp\u011bl a postavil judaismus mimo z\u00e1kon. &hellip; <\/p>\n<p class=\"link-more\"><a href=\"https:\/\/www.monikavizraeli.com\/index.php\/2018\/12\/09\/chanuka-co-si-k-ni-chci-pamatovat\/\" class=\"more-link\">Pokra\u010dovat ve \u010dten\u00ed<span class=\"screen-reader-text\"> &#8222;Chanuka &#8211; co si k&nbsp;n\u00ed pamatuji (nebo bych r\u00e1da :-))&#8220;<\/span><\/a><\/p>\n","protected":false},"author":1,"featured_media":0,"comment_status":"open","ping_status":"open","sticky":false,"template":"","format":"standard","meta":{"_monsterinsights_skip_tracking":false,"_monsterinsights_sitenote_active":false,"_monsterinsights_sitenote_note":"","_monsterinsights_sitenote_category":0,"ngg_post_thumbnail":0,"footnotes":""},"categories":[4,16],"tags":[],"class_list":["post-1127","post","type-post","status-publish","format-standard","hentry","category-blog","category-zidovka-z-jiznaku"],"_links":{"self":[{"href":"https:\/\/www.monikavizraeli.com\/index.php\/wp-json\/wp\/v2\/posts\/1127","targetHints":{"allow":["GET"]}}],"collection":[{"href":"https:\/\/www.monikavizraeli.com\/index.php\/wp-json\/wp\/v2\/posts"}],"about":[{"href":"https:\/\/www.monikavizraeli.com\/index.php\/wp-json\/wp\/v2\/types\/post"}],"author":[{"embeddable":true,"href":"https:\/\/www.monikavizraeli.com\/index.php\/wp-json\/wp\/v2\/users\/1"}],"replies":[{"embeddable":true,"href":"https:\/\/www.monikavizraeli.com\/index.php\/wp-json\/wp\/v2\/comments?post=1127"}],"version-history":[{"count":3,"href":"https:\/\/www.monikavizraeli.com\/index.php\/wp-json\/wp\/v2\/posts\/1127\/revisions"}],"predecessor-version":[{"id":1139,"href":"https:\/\/www.monikavizraeli.com\/index.php\/wp-json\/wp\/v2\/posts\/1127\/revisions\/1139"}],"wp:attachment":[{"href":"https:\/\/www.monikavizraeli.com\/index.php\/wp-json\/wp\/v2\/media?parent=1127"}],"wp:term":[{"taxonomy":"category","embeddable":true,"href":"https:\/\/www.monikavizraeli.com\/index.php\/wp-json\/wp\/v2\/categories?post=1127"},{"taxonomy":"post_tag","embeddable":true,"href":"https:\/\/www.monikavizraeli.com\/index.php\/wp-json\/wp\/v2\/tags?post=1127"}],"curies":[{"name":"wp","href":"https:\/\/api.w.org\/{rel}","templated":true}]}}