{"id":1092,"date":"2018-11-20T22:07:27","date_gmt":"2018-11-20T22:07:27","guid":{"rendered":"http:\/\/www.monikavizraeli.com\/?p=1092"},"modified":"2018-11-20T22:10:35","modified_gmt":"2018-11-20T22:10:35","slug":"vzorna-studentka","status":"publish","type":"post","link":"https:\/\/www.monikavizraeli.com\/index.php\/2018\/11\/20\/vzorna-studentka\/","title":{"rendered":"Vzorn\u00e1 studentka"},"content":{"rendered":"<p><span lang=\"cs-CZ\">Dal\u0161\u00ed t\u00fdden je za n\u00e1mi a j\u00e1 se poctiv\u011b sna\u017e\u00edm dohnat, co se d\u00e1. U\u017e podruh\u00e9 jsem o \u0161abatu vyrazila do synagogy m\u00edsto Giyory. Prvn\u00ed pokus prob\u011bhl p\u00e1te\u010dn\u00ed ve\u010der. Vyrazila jsem s&nbsp;Eitanem autem p\u0159ed vstupem \u0161abatu a zaparkovala u synagogy. Otr\u00e1ven\u00e1, \u017ee v&nbsp;t\u00e9 nep\u0159\u00edjemn\u00e9 zim\u011b (no dob\u0159e, asi dvacet bylo) mus\u00edm n\u011bkam tahat miminko a nervn\u00ed, jak to doma daj\u00ed ti v\u011bt\u0161\u00ed kluci (v\u010detn\u011b tat\u00ednka m\u00e1m na mysli). M\u011bla jsem absolvovat minchu (poledn\u00ed modlitbu) v\u0161edn\u00edho dne a \u0161abatov\u00fd aravit (ve\u010dern\u00ed modlitbu s&nbsp;p\u0159\u00eddavky na \u0161abat). Bylo p\u0159ed p\u016fl p\u00e1tou, \u010dili \u010das Eitanovy obvykl\u00e9 bd\u011blosti, nemohlo m\u011b tedy p\u0159ekvapit, \u017ee minchu zazdil okam\u017eit\u011b. Za\u010dal si st\u011b\u017eovat jen jsme vstoupili do synagogy a j\u00e1 otev\u0159ela sidur (modlitebn\u00ed kn\u00ed\u017eku) na prvn\u00ed z\u00e1lo\u017ece, kterou mi Giyora p\u0159ipravil. Tak nic, zas jsme vylezli, objela jsem kole\u010dko ko\u010d\u00e1rem a pak zkusila v&nbsp;aut\u011b nakojit. Auto jsem si chyt\u0159e nechala odem\u010den\u00e9, abych nep\u0159ekro\u010dila \u0161abatov\u00fd z\u00e1kaz d\u00e1lkov\u00fdm ovlada\u010dem (si \u0159\u00edk\u00e1m, jestli by to vlastn\u011b manu\u00e1ln\u011b nem\u011blo j\u00edt?!), ale bylo mi to k&nbsp;ni\u010demu, proto\u017ee i kdy\u017e jsem pamatovala na vypnut\u00ed sv\u011bt\u00fdlek, co se rozsv\u011bc\u00ed p\u0159i otev\u0159en\u00ed dve\u0159\u00ed, bafla na m\u011b z&nbsp;kufru je\u0161t\u011b dv\u011b, ke kter\u00fdm nen\u00ed vyp\u00edna\u010d. Mno nic, aspo\u0148 jsme si vyzkou\u0161eli, \u017ee takhle by to ne\u0161lo, a\u017e nebudu ten goj. <\/span><\/p>\n<p><span lang=\"cs-CZ\">Eitan usnul a vr\u00e1tili jsme se do synagogy. Chlapi zp\u00edvali, p\u011bkn\u011b, to jo, ale co&#8230; Listovala jsem sm\u011brem od druh\u00e9 p\u0159ipraven\u00e9 z\u00e1lo\u017eky d\u00e1l a kupodivu se celkem rychle chytla. Jen\u017ee jak P\u00edse\u0148 p\u00edsn\u00ed dozp\u00edvali, sko\u010dili kamsi a j\u00e1 zas listovala sem tam. Chytila jsem se asi po 10 minut\u00e1ch chvilku p\u0159edt\u00edm, ne\u017e zas chlapi za\u010dali zp\u00edvat, tentokr\u00e1t Lecha dodi. V&nbsp;\u017eensk\u00e9 \u010d\u00e1sti jsem byla sama, jak jsme o\u010dek\u00e1vali. \u017didovky toho do synagogy moc nenachod\u00ed ani v&nbsp;super ortodoxn\u00edch osad\u00e1ch (jsou doma s&nbsp;d\u011btmi), nato\u017e v&nbsp;t\u00e9 na\u0161\u00ed, kde jsou ortodoxn\u00ed dv\u011b rodiny v\u010detn\u011b rab\u00ednovy&#8230;<\/span><\/p>\n<p><span lang=\"cs-CZ\">No a po Lecha dodi se Eitan probral a bylo jasn\u00fd, \u017ee sp\u00e1t u\u017e se nechyst\u00e1. Prcka jsem nahodila do nos\u00edtka a fofrovala s&nbsp;ko\u010d\u00e1rem ve tm\u011b a chladnu dom\u016f. Tam m\u011b p\u0159iv\u00edtali vykoupan\u00ed kluci a tch\u00fdn\u011b, kter\u00e1 p\u0159i\u0161la v\u010das na to, aby zv\u00fd\u0161ila pravd\u011bpodobnost jejich p\u0159e\u017eit\u00ed. Dod\u011blan\u00e9 sal\u00e1ty a p\u0159ipraven\u00fd st\u016fl s&nbsp;b\u00edl\u00fdm ubrusem sv\u011bd\u010dil o tom, \u017ee Giyora d\u011btem p\u0159\u00edli\u0161 pozornosti nev\u011bnoval. <\/span><\/p>\n<p><span lang=\"cs-CZ\">Dal\u0161\u00ed pokus prob\u011bhl o t\u00fdden pozd\u011bji, tentokr\u00e1t sobotn\u00ed r\u00e1no. Vyrazili jsme s&nbsp;Eitanem na dev\u00e1tou do synagogy, kde jsem se potkala s&nbsp;Michal, co se ochotn\u011b nab\u00eddla mi p\u0159ij\u00edt na pomoc, abych se v&nbsp;tom tak neztr\u00e1cela. Michal zn\u00e1m z&nbsp;lekc\u00ed pro \u017eeny, kam jsem doch\u00e1zela, kdy\u017e je rab\u00edn po\u0159\u00e1dal, a kter\u00e9 te\u010f nov\u011b za\u010dala po\u0159\u00e1dat Re\u00fat \u2013 ta mil\u00e1 hol\u010dina z&nbsp;v\u011b\u0159\u00edc\u00ed rodiny, co se ned\u00e1vno p\u0159est\u011bhovala do Tal El. \u201eMichal je v\u011b\u0159\u00edc\u00ed, i kdy\u017e nevypad\u00e1\u201c, cituji na\u0161i pan\u00ed rab\u00ednovou. Ano, chod\u00ed v&nbsp;kalhotech a bez \u0161\u00e1tku na hlav\u011b, kuchy\u0148 m\u00e1 ko\u0161\u00e9r \u010d\u00e1ste\u010dn\u011b a jej\u00ed man\u017eel v\u011b\u0159\u00edc\u00ed nen\u00ed, \u010dili u nich o \u0161abatech b\u011b\u017e\u00ed telka. Oce\u0148uju, \u017ee ji Shuva pova\u017euje za v\u011b\u0159\u00edc\u00ed. Dorazily jsme akor\u00e1t na modlitbu \u201eosmn\u00e1ct\u201c, kter\u00e1 m\u00e1 ve v\u0161edn\u00ed dny 19 modliteb a o \u0161abatu sedm. Prost\u011b n\u011bco pro logiku, he. Pak u\u017e se \u0159\u00edkala po\u017eehn\u00e1n\u00ed p\u0159ed \u010dten\u00edm z&nbsp;T\u00f3ry a za\u010dali se vyvol\u00e1vat \u010dten\u00e1\u0159i aktu\u00e1ln\u00ed kapitoly v&nbsp;T\u00f3\u0159e. To je mi p\u0159ece jen ji\u017e zn\u00e1m\u00fd p\u0159\u00edb\u011bh, tak jsme s&nbsp;Michal mohly povolit pozornost a trochu si popov\u00eddat. Mus\u00edm \u0159\u00edct, \u017ee to odd\u011blen\u00ed \u017eensk\u00fdch od chlap\u016f v&nbsp;synagoze v\u00edt\u00e1m, m\u00e1 to jednozna\u010dn\u011b sv\u00fd opodstatn\u011bn\u00ed :-). <\/span><\/p>\n<p><span lang=\"cs-CZ\">Eitan vydr\u017eel sp\u00e1t do konce modlen\u00ed a je\u0161t\u011b dlouho potom, kdy\u017e u\u017e p\u0159i\u0161el Giyora s&nbsp;klukama a v\u0161ichni jsme chv\u00edli sed\u011bli na mal\u00e9m ob\u010derstven\u00ed. Jako <\/span><span lang=\"en-GB\">ano<\/span><span lang=\"cs-CZ\">, doj\u00edt si do synagogy se pomodlit m\u00e1 n\u011bco do sebe a um\u00edm si p\u0159edstavit, \u017ee si to \u010dlov\u011bk u\u017eije, ale v&nbsp;m\u00fdm p\u0159\u00edpad\u011b to aktu\u00e1ln\u011b beru jako luxus, co si nem\u016f\u017eu dop\u0159\u00e1t. Revital jsme tedy odk\u00fdvali, \u017ee jsem v&nbsp;synagoze byla, ale \u010d\u00edlila jsem se, \u017ee je to \u00fapln\u011b p\u0159ita\u017een\u00fd za vlasy. <\/span><\/p>\n<p><span lang=\"cs-CZ\">A kdy\u017e jsem u t\u011bch vlas\u016f \u2013 chod\u00edm u\u017e t\u00fdden s&nbsp;\u0161\u00e1tkem na hlav\u011b. Prvn\u011b jsem nav\u00e1zala \u0161\u00e1tek na \u00fatern\u00ed lekci \u017een p\u0159esn\u011b p\u0159ed t\u00fddnem. D\u011bv\u010data byla dojat\u00e1, m\u00e1 to v&nbsp;judaismu evidentn\u011b n\u011bjak\u00fd neoby\u010dejn\u00fd v\u00fdznam. Ka\u017edop\u00e1dn\u011b jsem sklidila radostn\u00e9 ovace a lichotky, jak mi to slu\u0161\u00ed. Stejn\u011b rozradostn\u011bn\u00e1 a dojat\u00e1 byla i Revital, kter\u00e1 m\u011b v\u010dera po p\u0159\u00edchodu na hodinu s&nbsp;p\u016flhodinov\u00fdm zpo\u017ed\u011bn\u00edm nese\u0159vala, ale t\u0159ikr\u00e1t po sob\u011b b\u011b\u017eela obejmout :-).<\/span><\/p>\n<p><span lang=\"cs-CZ\">Nem\u016f\u017eu \u0159\u00edct, \u017ee bych se v&nbsp;tom c\u00edtila zle, naopak, konstatovala jsem, \u017ee si v&nbsp;tom rozhodn\u011b nep\u0159ipad\u00e1m v\u00edc cudn\u00e1, \u017ee to je sp\u00ed\u0161 ozdoba. Nen\u00ed to prvn\u011b, co jsem si vy\u0161la s&nbsp;\u0161\u00e1tkem, a ur\u010dit\u011b ne naposled. Od t\u00e9 doby se mi bez n\u011bj toti\u017e nechce ven. A nen\u00ed to jenom t\u00edm, \u017ee je to v&nbsp;moment\u00e1ln\u00edm v\u011btrn\u00e9m po\u010das\u00ed ohromn\u011b praktick\u00fd ;).<\/span><\/p>\n<figure id=\"attachment_1094\" aria-describedby=\"caption-attachment-1094\" style=\"width: 169px\" class=\"wp-caption alignnone\"><img loading=\"lazy\" decoding=\"async\" class=\"size-medium wp-image-1094\" src=\"http:\/\/www.monikavizraeli.com\/wp-content\/uploads\/2018\/11\/DSC_0031-e1542751432270-169x300.jpg\" alt=\"\" width=\"169\" height=\"300\" srcset=\"https:\/\/www.monikavizraeli.com\/wp-content\/uploads\/2018\/11\/DSC_0031-e1542751432270-169x300.jpg 169w, https:\/\/www.monikavizraeli.com\/wp-content\/uploads\/2018\/11\/DSC_0031-e1542751432270.jpg 216w\" sizes=\"auto, (max-width: 169px) 100vw, 169px\" \/><figcaption id=\"caption-attachment-1094\" class=\"wp-caption-text\">na kurzu gijuru bychom u\u017e mohli otev\u0159\u00edt jesle<\/figcaption><\/figure>\n<figure id=\"attachment_1093\" aria-describedby=\"caption-attachment-1093\" style=\"width: 169px\" class=\"wp-caption alignnone\"><img loading=\"lazy\" decoding=\"async\" class=\"size-medium wp-image-1093\" src=\"http:\/\/www.monikavizraeli.com\/wp-content\/uploads\/2018\/11\/Listopad-20181-169x300.jpg\" alt=\"\" width=\"169\" height=\"300\" \/><figcaption id=\"caption-attachment-1093\" class=\"wp-caption-text\">m\u00e1 o\u0161\u00e1tkovan\u00e1 mali\u010dkost<\/figcaption><\/figure>\n<figure id=\"attachment_1098\" aria-describedby=\"caption-attachment-1098\" style=\"width: 300px\" class=\"wp-caption alignnone\"><img loading=\"lazy\" decoding=\"async\" class=\"size-medium wp-image-1098\" src=\"http:\/\/www.monikavizraeli.com\/wp-content\/uploads\/2018\/11\/WhatsApp-Image-2018-11-17-at-6.31.59-PM-300x169.jpeg\" alt=\"\" width=\"300\" height=\"169\" \/><figcaption id=\"caption-attachment-1098\" class=\"wp-caption-text\">skoro \u017eidovsk\u00e1 rodinka s&nbsp;jednou polovinou svat\u00e9 knihovny, co n\u00e1m zdob\u00ed j\u00eddeln\u00ed kout<\/figcaption><\/figure>\n","protected":false},"excerpt":{"rendered":"<p>Dal\u0161\u00ed t\u00fdden je za n\u00e1mi a j\u00e1 se poctiv\u011b sna\u017e\u00edm dohnat, co se d\u00e1. U\u017e podruh\u00e9 jsem o \u0161abatu vyrazila do synagogy m\u00edsto Giyory. Prvn\u00ed pokus prob\u011bhl p\u00e1te\u010dn\u00ed ve\u010der. Vyrazila jsem s&nbsp;Eitanem autem p\u0159ed vstupem \u0161abatu a zaparkovala u synagogy. Otr\u00e1ven\u00e1, \u017ee v&nbsp;t\u00e9 nep\u0159\u00edjemn\u00e9 zim\u011b (no dob\u0159e, asi dvacet bylo) mus\u00edm n\u011bkam tahat miminko a &hellip; <\/p>\n<p class=\"link-more\"><a href=\"https:\/\/www.monikavizraeli.com\/index.php\/2018\/11\/20\/vzorna-studentka\/\" class=\"more-link\">Pokra\u010dovat ve \u010dten\u00ed<span class=\"screen-reader-text\"> &#8222;Vzorn\u00e1 studentka&#8220;<\/span><\/a><\/p>\n","protected":false},"author":1,"featured_media":0,"comment_status":"open","ping_status":"open","sticky":false,"template":"","format":"standard","meta":{"_monsterinsights_skip_tracking":false,"_monsterinsights_sitenote_active":false,"_monsterinsights_sitenote_note":"","_monsterinsights_sitenote_category":0,"ngg_post_thumbnail":0,"footnotes":""},"categories":[4,10],"tags":[],"class_list":["post-1092","post","type-post","status-publish","format-standard","hentry","category-blog","category-konverze-k-judaismu"],"_links":{"self":[{"href":"https:\/\/www.monikavizraeli.com\/index.php\/wp-json\/wp\/v2\/posts\/1092","targetHints":{"allow":["GET"]}}],"collection":[{"href":"https:\/\/www.monikavizraeli.com\/index.php\/wp-json\/wp\/v2\/posts"}],"about":[{"href":"https:\/\/www.monikavizraeli.com\/index.php\/wp-json\/wp\/v2\/types\/post"}],"author":[{"embeddable":true,"href":"https:\/\/www.monikavizraeli.com\/index.php\/wp-json\/wp\/v2\/users\/1"}],"replies":[{"embeddable":true,"href":"https:\/\/www.monikavizraeli.com\/index.php\/wp-json\/wp\/v2\/comments?post=1092"}],"version-history":[{"count":3,"href":"https:\/\/www.monikavizraeli.com\/index.php\/wp-json\/wp\/v2\/posts\/1092\/revisions"}],"predecessor-version":[{"id":1099,"href":"https:\/\/www.monikavizraeli.com\/index.php\/wp-json\/wp\/v2\/posts\/1092\/revisions\/1099"}],"wp:attachment":[{"href":"https:\/\/www.monikavizraeli.com\/index.php\/wp-json\/wp\/v2\/media?parent=1092"}],"wp:term":[{"taxonomy":"category","embeddable":true,"href":"https:\/\/www.monikavizraeli.com\/index.php\/wp-json\/wp\/v2\/categories?post=1092"},{"taxonomy":"post_tag","embeddable":true,"href":"https:\/\/www.monikavizraeli.com\/index.php\/wp-json\/wp\/v2\/tags?post=1092"}],"curies":[{"name":"wp","href":"https:\/\/api.w.org\/{rel}","templated":true}]}}