{"id":1017,"date":"2018-10-08T19:28:19","date_gmt":"2018-10-08T19:28:19","guid":{"rendered":"http:\/\/www.monikavizraeli.com\/?p=1017"},"modified":"2023-08-26T20:53:45","modified_gmt":"2023-08-26T20:53:45","slug":"eitan-se-sziva-s-nami-a-my-s-nim","status":"publish","type":"post","link":"https:\/\/www.monikavizraeli.com\/index.php\/2018\/10\/08\/eitan-se-sziva-s-nami-a-my-s-nim\/","title":{"rendered":"Eitan se s\u017e\u00edv\u00e1 s&nbsp;n\u00e1mi a my s&nbsp;n\u00edm"},"content":{"rendered":"<p>Sl\u00e1va, deset dn\u00ed po propu\u0161t\u011bn\u00ed z&nbsp;porodnice jsme se kone\u010dn\u011b dostali na kontrolu! St\u00e1t se mi tohle s&nbsp;prvn\u00edm d\u00edt\u011btem, budu na zhroucen\u00ed. Ono se to stalo a na zhroucen\u00ed jsem byla, tak v\u00edm, o \u010dem mluv\u00edm :). Ale Eitan je kli\u010fas, obvykle sotva zabre\u010d\u00ed a z\u0159ejm\u011b se situaci, kdy tr\u00e1v\u00edme dopoledne sami, u\u017e p\u0159izp\u016fsobil. Kafe si obvykle st\u00edh\u00e1m vyp\u00edt je\u0161t\u011b tepl\u00e9 a i si k&nbsp;n\u011bmu d\u00e1t su\u0161enku :-). I kdy\u017e na jin\u00e9 ne\u017e nutn\u00e9 cestov\u00e1n\u00ed jsem po tom st\u0159ede\u010dn\u00edm ne\u00fasp\u011bchu z&nbsp;minul\u00e9ho t\u00fddne zat\u00edm nenabrala odvahu.<\/p>\n<p>Zdravotn\u00ed sestra potvrdila m\u016fj odhad, \u017ee miminko dob\u0159e prosp\u00edv\u00e1, od posledn\u00edho v\u00e1\u017een\u00ed nabral p\u016fl kila. Zm\u011b\u0159ila si m\u011b podez\u0159\u00edvav\u00fdm pohledem a znovu se ujistila, jestli je opravdu jen kojen\u00fd. Pak uznale pok\u00fdvala hlavou, \u017ee teda pr\u00fd dobr\u00e1 pr\u00e1ce. Na opl\u00e1tku jsem se zas ptala j\u00e1, jestli m\u00e1m kojit d\u00e1l na po\u017e\u00e1d\u00e1n\u00ed, jestli t\u0159eba nej\u00ed moc. Udiven\u011b zvedla obo\u010d\u00ed a pr\u00fd samoz\u0159ejm\u011b, \u017ee na po\u017e\u00e1d\u00e1n\u00ed. Tempo ur\u010duje jenom on, vy mu maminko koukejte vyhov\u011bt. Nu dobr\u00e1 tedy.<\/p>\n<p>A jak nov\u00e9ho br\u00e1\u0161ku p\u0159ijmuli Nevo a Daniel? Kdy\u017e se narodil Nevo, tehdy dvoulet\u00fd Daniel se k&nbsp;tomu d\u00edky \u0159e\u010dov\u00e9 indispozici vyj\u00e1d\u0159it moc nemohl. A\u017e te\u010f d\u00edky v\u00fd\u0159e\u010dn\u00e9mu Nevovi ch\u00e1peme, kolik toho z\u0159ejm\u011b m\u011bl na srdci. Nevo je na br\u00e1\u0161ku sice hodnej (jo, i to je do\u010dasn\u00e9, to u\u017e zn\u00e1me&#8230;), hlad\u00ed ho, chce ho chovat, asistuje u p\u0159ebalov\u00e1n\u00ed, cul\u00ed se, \u017ee je roztomilej. Ale taky by cht\u011bl, aby se mamince vr\u00e1til do b\u0159\u00ed\u0161ka. A abych ho sundala z&nbsp;jeho minigau\u010de a koupila Eitanovi vlastn\u00ed. Mno, co bude, a\u017e jim dojde, \u017ee pro Eitana nem\u00e1me pokoj\u00ed\u010dek&#8230; I kdy\u017e te\u010f u\u017e v\u00edm, \u017ee je to jen obdob\u00ed, stejn\u011b m\u011b ty smutn\u00fd Nevou\u0161ovy pohledy a p\u0159\u00edle\u017eitostn\u00fd naschv\u00e1ly, kter\u00fdmi bojuje o moj\u00ed pozornost, dost bol\u00ed.<\/p>\n<p>Daniel p\u0159evzal roli tch\u00fdn\u011b a hl\u00e1s\u00ed mi, \u017ee Eitan asi chce j\u00edst, kdykoliv nespokojen\u011b zak\u0148our\u00e1. A v&nbsp;devades\u00e1ti procentech m\u00e1 pravdu, to zas jo. Jeho p\u0159\u00edtomnost juniora zd\u00e1 se vylo\u017een\u011b t\u011b\u0161\u00ed. Nad\u0161en\u011b v\u0161em vykl\u00e1d\u00e1, \u017ee a\u017e \u201ena\u0161emu\u201c miminku bude 5, jemu bude u\u017e deset! V\u00fdznamn\u00fd pod\u00edl na jeho radosti m\u00e1 z\u0159ejm\u011b fakt, \u017ee Nevo za\u017e\u00edv\u00e1 stejnou \u201ek\u0159ivdu\u201c, kterou d\u00edky n\u011bmu p\u0159ed necel\u00fdmi t\u0159emi roky za\u017eil on&#8230; Na milost sice Daniel Neva bere u\u017e tak rok, ale p\u0159ipad\u00e1 mi, \u017ee te\u010f se jejich vztah posunul o n\u011bco v\u00fd\u0161. St\u00e1le funguje pravidlo, \u017ee dva velc\u00ed spolu s&nbsp;t\u00e1tou rovn\u00e1 se jedn\u00edm slovem trag\u00e9die. Boj o tat\u00ednkovu pozornost toti\u017e Daniel nevzdal, je extr\u00e9mn\u011b kreativn\u00ed a \u010dasto \u00fasp\u011b\u0161nej \u2013 a je mu fuk, \u017ee tak z\u00edsk\u00e1v\u00e1 p\u0159ev\u00e1\u017en\u011b pozornost negativn\u00ed. Verze \u201ejeden velkej na t\u00e1tu a jeden velkej plus miminko na m\u011b\u201c je \u00fapln\u011b o n\u011b\u010dem jin\u00e9m, \u010dili kluky t\u00edmto zp\u016fsobem odd\u011blujeme, co to jde. A snad to d\u011bl\u00e1 dob\u0159e i jim \u2013 zvl\u00e1daj\u00ed si hr\u00e1t l\u00edp spolu, kdy\u017e se pak zase setkaj\u00ed.<\/p>\n<p>Giyora od Eitanova narozen\u00ed vypustil synagogu, ale opatrn\u011b jsme to za\u010dali zkou\u0161et o \u0161abatech s&nbsp;t\u00edm, \u017ee si vezme jednoho z&nbsp;\u201evelk\u00fdch\u201c s&nbsp;sebou s&nbsp;krabic\u00ed puzzle a douf\u00e1, \u017ee ho nech\u00e1 aspo\u0148 hodinu modlit. S&nbsp;Nevem to funguje l\u00edp, s&nbsp;Danielem h\u016f\u0159. Jinak si Giyora a\u017e na tyto \u0161abatov\u00e9 v\u00fdjimky v\u00edc u\u017e\u00edv\u00e1 sv\u00e1tosti, co je v&nbsp;dob\u011b modlen\u00ed v&nbsp;synagoze obvykle ur\u010den\u00e1 \u017een\u00e1m \u2013 d\u011bt\u00ed ;). Ale proto\u017ee vst\u00e1v\u00e1n\u00ed a rann\u00ed v\u00fdprava se da\u0159\u00ed relativn\u011b dob\u0159e i bez jeho pomoci, z\u0159ejm\u011b se brzy vr\u00e1t\u00ed k&nbsp;vst\u00e1v\u00e1n\u00ed v&nbsp;5:15, aby kluk\u016fm z&nbsp;vesnice pomohl sestavit rann\u00ed chlapskou des\u00edtku (minjan). V\u010dera ve\u010der byla prvn\u00ed lekce gijuru, kterou jsem kv\u016fli Eitanovi vypustila j\u00e1. Je\u0161t\u011b se mi prcka nechce tahat do t\u0159\u00eddy mezi spoustu lid\u00ed. A dneska \u0161el Giyora znovu s\u00e1m.<\/p>\n<p>Neb\u00fdt v\u00fdrazn\u00e9 zm\u011bny v&nbsp;Nevov\u011b chov\u00e1n\u00ed, za kterou ale ur\u010dit\u011b \u010d\u00e1ste\u010dn\u011b m\u016f\u017ee i \u0161kolka, ani bychom skoro nev\u011bd\u011bli, \u017ee m\u00e1me t\u0159et\u00ed p\u0159\u00edr\u016fstek. Eitan n\u00e1m to tu zat\u00edm nijak nekomplikuje, dokonce to vypad\u00e1, \u017ee je jist\u00e1 \u0161ance, \u017ee dostoj\u00ed v\u00fdznamu sv\u00e9ho jm\u00e9na a vnese do na\u0161\u00ed rodiny tolik pot\u0159ebn\u00fd balanc.<\/p>\n<p>&nbsp;<\/p>\n","protected":false},"excerpt":{"rendered":"<p>Sl\u00e1va, deset dn\u00ed po propu\u0161t\u011bn\u00ed z&nbsp;porodnice jsme se kone\u010dn\u011b dostali na kontrolu! St\u00e1t se mi tohle s&nbsp;prvn\u00edm d\u00edt\u011btem, budu na zhroucen\u00ed. Ono se to stalo a na zhroucen\u00ed jsem byla, tak v\u00edm, o \u010dem mluv\u00edm :). Ale Eitan je kli\u010fas, obvykle sotva zabre\u010d\u00ed a z\u0159ejm\u011b se situaci, kdy tr\u00e1v\u00edme dopoledne sami, u\u017e p\u0159izp\u016fsobil. Kafe si &hellip; <\/p>\n<p class=\"link-more\"><a href=\"https:\/\/www.monikavizraeli.com\/index.php\/2018\/10\/08\/eitan-se-sziva-s-nami-a-my-s-nim\/\" class=\"more-link\">Pokra\u010dovat ve \u010dten\u00ed<span class=\"screen-reader-text\"> &#8222;Eitan se s\u017e\u00edv\u00e1 s&nbsp;n\u00e1mi a my s&nbsp;n\u00edm&#8220;<\/span><\/a><\/p>\n","protected":false},"author":1,"featured_media":0,"comment_status":"open","ping_status":"open","sticky":false,"template":"","format":"standard","meta":{"_monsterinsights_skip_tracking":false,"_monsterinsights_sitenote_active":false,"_monsterinsights_sitenote_note":"","_monsterinsights_sitenote_category":0,"ngg_post_thumbnail":0,"footnotes":""},"categories":[4,13],"tags":[],"class_list":["post-1017","post","type-post","status-publish","format-standard","hentry","category-blog","category-z-bezneho-zivota"],"_links":{"self":[{"href":"https:\/\/www.monikavizraeli.com\/index.php\/wp-json\/wp\/v2\/posts\/1017","targetHints":{"allow":["GET"]}}],"collection":[{"href":"https:\/\/www.monikavizraeli.com\/index.php\/wp-json\/wp\/v2\/posts"}],"about":[{"href":"https:\/\/www.monikavizraeli.com\/index.php\/wp-json\/wp\/v2\/types\/post"}],"author":[{"embeddable":true,"href":"https:\/\/www.monikavizraeli.com\/index.php\/wp-json\/wp\/v2\/users\/1"}],"replies":[{"embeddable":true,"href":"https:\/\/www.monikavizraeli.com\/index.php\/wp-json\/wp\/v2\/comments?post=1017"}],"version-history":[{"count":2,"href":"https:\/\/www.monikavizraeli.com\/index.php\/wp-json\/wp\/v2\/posts\/1017\/revisions"}],"predecessor-version":[{"id":3221,"href":"https:\/\/www.monikavizraeli.com\/index.php\/wp-json\/wp\/v2\/posts\/1017\/revisions\/3221"}],"wp:attachment":[{"href":"https:\/\/www.monikavizraeli.com\/index.php\/wp-json\/wp\/v2\/media?parent=1017"}],"wp:term":[{"taxonomy":"category","embeddable":true,"href":"https:\/\/www.monikavizraeli.com\/index.php\/wp-json\/wp\/v2\/categories?post=1017"},{"taxonomy":"post_tag","embeddable":true,"href":"https:\/\/www.monikavizraeli.com\/index.php\/wp-json\/wp\/v2\/tags?post=1017"}],"curies":[{"name":"wp","href":"https:\/\/api.w.org\/{rel}","templated":true}]}}