{"id":1013,"date":"2018-10-05T08:58:40","date_gmt":"2018-10-05T08:58:40","guid":{"rendered":"http:\/\/www.monikavizraeli.com\/?p=1013"},"modified":"2023-08-26T20:53:14","modified_gmt":"2023-08-26T20:53:14","slug":"sabat-v-porodnici","status":"publish","type":"post","link":"https:\/\/www.monikavizraeli.com\/index.php\/2018\/10\/05\/sabat-v-porodnici\/","title":{"rendered":"\u0160abat v&nbsp;porodnici"},"content":{"rendered":"<p>Tenhle \u010dl\u00e1nek mi ne\u0161el napsat. Ne a ne. Ne na prvn\u00ed pokus, ne na druh\u00fd a te\u010f ani na ten t\u0159et\u00ed. Nev\u00edm, \u010d\u00edm to je. Ps\u00e1t o sv\u00fdch ne\u00fasp\u011b\u0161\u00edch mi probl\u00e9m ned\u011bl\u00e1, tak t\u00edm snad ne. Nav\u00edc jsme i dop\u0159edu tak trochu pl\u00e1novali, \u017ee jestli si malej k&nbsp;narozen\u00ed vybere \u0161abat, z\u0159ejm\u011b ten \u0161abat nebude ko\u0161\u00e9r&#8230; Tak bu\u010f jsou to po\u0159\u00e1d je\u0161t\u011b poporodn\u00ed hormony, co mi nedovoluj\u00ed formovat racion\u00e1ln\u00ed v\u011bty nebo pocit, \u017ee jsme se p\u0159ece jen m\u011bli sna\u017eit v\u00edc. P\u0159ipravit v\u00edc. Hlavn\u011b j\u00e1&#8230; Je\u0161t\u011b jak na potvoru s&nbsp;n\u00e1mi v&nbsp;\u010dek\u00e1rn\u011b byla maminka, setra a p\u0159\u00edtel prvorodi\u010dky, kte\u0159\u00ed se na dr\u017een\u00ed \u0161abatu p\u0159ipravili. A na m\u016fj dotaz, jestli si miminko v\u00e1\u017en\u011b po porodu nevyfot\u00ed pokr\u010dili rameny a konstatovali, \u017ee po 25 hodin\u00e1ch stejn\u011b vypad\u00e1 l\u00edp. Co\u017e teda nezpochyb\u0148uju. Ale kdy\u017e moji prvn\u00ed dva synov\u00e9 maj\u00ed fotku hned po porodu, jak by k&nbsp;tomu p\u0159i\u0161el&#8230;<\/p>\n<p>No dob\u0159e, tak k&nbsp;v\u011bci. Dojeli jsme i zaparkovali u porodnice kr\u00e1tce p\u0159ed za\u010d\u00e1tkem \u0161abatu. To bylo \u00famysln\u011b, i kdy\u017e by mi stav dovoloval jet je\u0161t\u011b pozd\u011bji. Jeden plusov\u00fd bod. Kluci doma vypadali sm\u00ed\u0159en\u011b s&nbsp;t\u00edm, \u017ee je ve\u010der usp\u00ed babi\u010dka a my jedeme pro br\u00e1\u0161ku. Zapsali jsme se na recepci, vyjeli v\u00fdtahem do sedm\u00e9ho patra na porodn\u00ed a cestou do \u010dek\u00e1rny jsem v&nbsp;prosklen\u00e9m boxu s&nbsp;n\u00e1pisem \u201ena po\u010dest \u0161abatu\u201c zap\u00e1lila \u0161abatovou sv\u00ed\u010dku s&nbsp;p\u0159\u00edslu\u0161n\u00fdm po\u017eehn\u00e1n\u00edm. Dal\u0161\u00ed bod. Giyora se v&nbsp;\u010dek\u00e1rn\u011b pomodlil minchu i aravit (\u201epoledn\u00ed\u201c i ve\u010dern\u00ed modlitbu). To je rozhodn\u011b velk\u00fd plus. Mohl j\u00edt i do synagogy sedm pater pod n\u00e1mi, ale necht\u011bl pro\u0161vihnout moment, kdy m\u011b naberou na monitor. Mobil jsem odlo\u017eila do kabelky, ale za to bod nen\u00ed, proto\u017ee \u0161el ven u\u017e za p\u011bt hodiny, kdy jsme mal\u00e9ho to\u010dili a fotili na v\u00e1ze, ehm. A hned tu radostnou zpr\u00e1vu pos\u00edlal ne do cel\u00e9ho sv\u011bta, ale do \u010cech ano. Rodina a kamar\u00e1dky zv\u011bdav\u011b \u010dekaly a j\u00e1, nav\u00edc p\u0159\u00edjemn\u011b zdrogovan\u00e1 epidur\u00e1lem, jsem se ani nepokou\u0161ela odolat jej\u00edmu \u0161\u00ed\u0159en\u00ed&#8230; Giyora mi b\u011bhem \u010dekac\u00ed doby na onu chv\u00edli je\u0161t\u011b b\u011b\u017eel koupit vodu. A \u017ee se prob\u011bhl, proto\u017ee nejbli\u017e\u0161\u00ed \u0161abatov\u00fd v\u00fdtah nefungoval, \u010dili si poctiv\u011b seb\u011bhl a po t\u00e9 vyb\u011bhl p\u011bt pater. Jakoby t\u00edm mohl zm\u00edrnit dal\u0161\u00ed proh\u0159e\u0161ek \u2013 placen\u00ed o \u0161abatu. Ale tak t\u0159eba se mu to zapo\u010d\u00edt\u00e1. Giyor\u016fv telefon vydr\u017eel ve stand-by je\u0161t\u011b mnohem krat\u0161\u00ed dobu ne\u017e m\u016fj. Snad u\u017e 15 minut po za\u010d\u00e1tku \u0161abatu nerv\u00f3zn\u011b volal mamince, jak to vypad\u00e1 s&nbsp;klukama. No, byla jsem za to r\u00e1da, \u0161abat ne\u0161abat, s&nbsp;na\u0161imi chlapci to v\u00e1\u017en\u011b nen\u00ed snadn\u00fd. Uklidnila jsem se, a\u017e kdy\u017e jsme dostali kolem osm\u00e9 zpr\u00e1vu, \u017ee sp\u00ed. A to s&nbsp;vidinou, \u017ee ne\u017e r\u00e1no vstanou, u\u017e tam s&nbsp;nimi snad zase bude Giyora. Jin\u00fdmi slovy, oba jsme byli ten \u0161abat skoro bez p\u0159est\u00e1vky mobiln\u00ed.<\/p>\n<p>V \u010dek\u00e1rn\u011b b\u011b\u017eela televize a pr\u00e1v\u011b za\u010d\u00ednal sci fi film, co\u017e Giyoru pot\u011b\u0161ilo. Sice si ho dlouho neu\u017eil, proto\u017ee u\u017e za 15 n\u00e1s sestra vzala dovnit\u0159. Vedle pracovn\u00edho stolu j\u00ed na n\u00e1st\u011bnce visela cedulka \u201eJe mil\u00e9 b\u00fdt d\u016fle\u017eit\u00fd, ale mnohem d\u016fle\u017eit\u011bj\u0161\u00ed je b\u00fdt mil\u00fd\u201c. Jo jo, pok\u00fdvala jsem souhlasn\u011b hlavou. Z&nbsp;person\u00e1lu nemocnice m\u00e1m dojem, \u017ee si to p\u0159ipom\u00ednaj\u00ed n\u011bkolikr\u00e1t denn\u011b minim\u00e1ln\u011b. Hlavn\u011b proto jsem se sem tak moc cht\u011bla vr\u00e1tit i pot\u0159et\u00ed, i kdy\u017e to z&nbsp;domova nem\u00e1me zrovna co by kamenem dohodil \u2013 35 minut plynul\u00e9 j\u00edzdy, co\u017e se v&nbsp;denn\u00ed dobu obvykle nepo\u0161t\u011bst\u00ed, nicm\u00e9n\u011b n\u00e1m to vy\u0161lo i na pot\u0159et\u00ed :-).<\/p>\n<p>Junior se vyloupl ve 23:10, na pokoj jsme se dostali n\u011bkdy ve dv\u011b. U\u017e p\u0159edt\u00edm bylo nutn\u00e9 vyplnit formul\u00e1\u0159, \u017ee si nep\u0159eju odd\u011blen\u00ed od d\u00edt\u011bte. To nev\u00edm, jak by \u0161lo bez psan\u00ed \u2013 ps\u00e1t se o \u0161abatu nesm\u00ed. Ne, \u017ee bych ho tak moc nutn\u011b musela m\u00edt po\u0159\u00e1d u sebe, ale proto\u017ee nebylo m\u00edsto na druh\u00e9m pat\u0159e na poporodn\u00edm, kde je m\u00edstnost, kam lze k&nbsp;sestr\u00e1m odlo\u017eit miminko, a j\u00e1 byla a\u017e v&nbsp;sedm\u00e9m, nebylo moc zbyt\u00ed. Bu\u010f mi pr\u00fd v&nbsp;noci budou volat (to se tak\u00e9 zrovna o \u0161abatu moc nehod\u00ed, \u017ee) kdy\u017e bude miminko bre\u010det (a j\u00e1 poma\u017eu t\u011bch 5 pater dol\u016f) nebo ho prost\u011b budu m\u00edt po\u0159\u00e1d u sebe a s&nbsp;plnou zodpov\u011bdnost\u00ed. Druh\u00e1 varianta n\u00e1m z&nbsp;t\u011bch dvou blb\u00fdch p\u0159i\u0161la p\u0159ece jen o trochu lep\u0161\u00ed. Giyora se p\u00e1r hodin prospal se mnou na nemocni\u010dn\u00edm l\u016f\u017eku, na\u0161t\u011bst\u00ed prostorn\u00e9m, a v&nbsp;\u0161est r\u00e1no odjel dom\u016f. T\u00edm v\u011bt\u0161ina jeho proh\u0159e\u0161k\u016f skon\u010dila a s&nbsp;klukama ust\u00e1l i p\u0159es nevysp\u00e1n\u00ed \u0161abat bez televize a tablet\u016f. Dokonce se i stavili na chvilku v&nbsp;synagoze. Mobiln\u00ed z\u016fstal kv\u016fli mn\u011b. J\u00e1 se o sobotn\u00edm poledni st\u011bhovala na uvoln\u011bn\u00fd pokoj ve druh\u00e9m pat\u0159e, co\u017e znamenalo dal\u0161\u00ed poru\u0161en\u00ed \u0161abatu. Ale tak\u00e9 kone\u010dn\u011b pobyt bl\u00edzko mimink\u00e1rny, kam jsem p\u0159\u00edle\u017eitostn\u011b sp\u00edc\u00edho juniora odkl\u00e1dala, abych vyu\u017eila na dlouho posledn\u00ed mo\u017enost se vklidu osprchovat nebo si zaj\u00edt na k\u00e1vi\u010dku. V&nbsp;poledne p\u0159ijela na n\u00e1v\u0161t\u011bvu rodina \u0161vagra, kter\u00e9 je \u0161abat \u0161um\u00e1k, a \u0161vagrov\u00e1 se ochotn\u011b nab\u00edzela za \u201egoje \u0161abatu\u201c. To ale jako \u017eidovka nem\u016f\u017ee (je j\u00ed to fuk), jedinej ofici\u00e1ln\u00ed goj jsem je\u0161t\u011b po\u0159\u00e1d j\u00e1. No a \u017ee jsem to o tomto \u0161abatu vyu\u017eila v\u00edc ne\u017e za cel\u00fd posledn\u00ed rok. Budi\u017e mi ten naho\u0159kl\u00fd pocit selh\u00e1n\u00ed pou\u010den\u00edm pro p\u0159\u00ed\u0161t\u011b ;).<\/p>\n<p>&nbsp;<\/p>\n","protected":false},"excerpt":{"rendered":"<p>Tenhle \u010dl\u00e1nek mi ne\u0161el napsat. Ne a ne. Ne na prvn\u00ed pokus, ne na druh\u00fd a te\u010f ani na ten t\u0159et\u00ed. Nev\u00edm, \u010d\u00edm to je. Ps\u00e1t o sv\u00fdch ne\u00fasp\u011b\u0161\u00edch mi probl\u00e9m ned\u011bl\u00e1, tak t\u00edm snad ne. Nav\u00edc jsme i dop\u0159edu tak trochu pl\u00e1novali, \u017ee jestli si malej k&nbsp;narozen\u00ed vybere \u0161abat, z\u0159ejm\u011b ten \u0161abat nebude ko\u0161\u00e9r&#8230; &hellip; <\/p>\n<p class=\"link-more\"><a href=\"https:\/\/www.monikavizraeli.com\/index.php\/2018\/10\/05\/sabat-v-porodnici\/\" class=\"more-link\">Pokra\u010dovat ve \u010dten\u00ed<span class=\"screen-reader-text\"> &#8222;\u0160abat v&nbsp;porodnici&#8220;<\/span><\/a><\/p>\n","protected":false},"author":1,"featured_media":0,"comment_status":"open","ping_status":"open","sticky":false,"template":"","format":"standard","meta":{"_monsterinsights_skip_tracking":false,"_monsterinsights_sitenote_active":false,"_monsterinsights_sitenote_note":"","_monsterinsights_sitenote_category":0,"ngg_post_thumbnail":0,"footnotes":""},"categories":[4,10],"tags":[],"class_list":["post-1013","post","type-post","status-publish","format-standard","hentry","category-blog","category-konverze-k-judaismu"],"_links":{"self":[{"href":"https:\/\/www.monikavizraeli.com\/index.php\/wp-json\/wp\/v2\/posts\/1013","targetHints":{"allow":["GET"]}}],"collection":[{"href":"https:\/\/www.monikavizraeli.com\/index.php\/wp-json\/wp\/v2\/posts"}],"about":[{"href":"https:\/\/www.monikavizraeli.com\/index.php\/wp-json\/wp\/v2\/types\/post"}],"author":[{"embeddable":true,"href":"https:\/\/www.monikavizraeli.com\/index.php\/wp-json\/wp\/v2\/users\/1"}],"replies":[{"embeddable":true,"href":"https:\/\/www.monikavizraeli.com\/index.php\/wp-json\/wp\/v2\/comments?post=1013"}],"version-history":[{"count":3,"href":"https:\/\/www.monikavizraeli.com\/index.php\/wp-json\/wp\/v2\/posts\/1013\/revisions"}],"predecessor-version":[{"id":3220,"href":"https:\/\/www.monikavizraeli.com\/index.php\/wp-json\/wp\/v2\/posts\/1013\/revisions\/3220"}],"wp:attachment":[{"href":"https:\/\/www.monikavizraeli.com\/index.php\/wp-json\/wp\/v2\/media?parent=1013"}],"wp:term":[{"taxonomy":"category","embeddable":true,"href":"https:\/\/www.monikavizraeli.com\/index.php\/wp-json\/wp\/v2\/categories?post=1013"},{"taxonomy":"post_tag","embeddable":true,"href":"https:\/\/www.monikavizraeli.com\/index.php\/wp-json\/wp\/v2\/tags?post=1013"}],"curies":[{"name":"wp","href":"https:\/\/api.w.org\/{rel}","templated":true}]}}