{"id":1006,"date":"2018-10-03T18:26:37","date_gmt":"2018-10-03T18:26:37","guid":{"rendered":"http:\/\/www.monikavizraeli.com\/?p=1006"},"modified":"2018-10-04T19:39:44","modified_gmt":"2018-10-04T19:39:44","slug":"skoncily-prazdniny-hura-zacina-idylka-ve-dvou-nebo-ze-by-ne","status":"publish","type":"post","link":"https:\/\/www.monikavizraeli.com\/index.php\/2018\/10\/03\/skoncily-prazdniny-hura-zacina-idylka-ve-dvou-nebo-ze-by-ne\/","title":{"rendered":"Skon\u010dily pr\u00e1zdniny! Hur\u00e1, za\u010d\u00edn\u00e1 idylka ve dvou! Nebo \u017ee by ne&#8230;?"},"content":{"rendered":"<p>Konec pr\u00e1zdnin a hned den bez man\u017eela. R\u00e1no je\u0161t\u011b ud\u011blal kluk\u016fm sva\u010diny a hur\u00e1 na kurz, ze kter\u00e9ho se vr\u00e1t\u00ed a\u017e z\u00edtra odpoledne. J\u00e1 bl\u00e1hov\u00e1 si myslela, jak\u00e1 to bude \u00faleva, a\u017e budou kluci zp\u00e1tky ve \u0161kolk\u00e1ch! Jak budu dopoledne s&nbsp;hodn\u00fdm miminkem dosp\u00e1vat deficity z&nbsp;noc\u00ed, kone\u010dn\u011b tu zas po\u0159\u00e1dn\u011b uklid\u00edm, za\u010dneme chodit na proch\u00e1zky ven&#8230; A houby! Eitan je z&nbsp;toho z\u0159ejm\u011b \u00fapln\u011b v&nbsp;h\u00e1ji a j\u00e1 te\u010f po p\u00e1r hodin\u00e1ch u\u017e taky. Nesp\u00ed, \u0159ve a konstantn\u011b by sosal. Jen\u017ee to nejde, m\u00e1me povinnosti. Odv\u00e9zt Neva do \u0161kolky, pak zajet na kontrolu \u2013 Eitan po porodu je\u0161t\u011b nebyl. A dneska zas ne, doktorka op\u011bt nedorazila. Poji\u0161\u0165ovna nen\u00ed v&nbsp;obraze a podruh\u00e9 m\u011b objednala k&nbsp;nep\u0159\u00edtomn\u00e9 doktorce. Mimino \u0159ve, j\u00e1 chci za\u010d\u00ednaj\u00edc\u00ed frustraci zahnat proch\u00e1zkou po promen\u00e1d\u011b, kdy\u017e u\u017e jsme v&nbsp;Akku. Jen\u017ee juniorovi je to \u00fapln\u011b \u0161um\u00e1k. \u0158ve a je \u00fapln\u011b zpocenej. Sund\u00e1m mu oble\u010den\u00ed, proto\u017ee na 34 stup\u0148\u016f je navle\u010denej v\u00e1\u017en\u011b moc, p\u0159ehod\u00edm p\u0159es n\u011bj l\u00e1tkovou plenku a proto\u017ee \u0159ve d\u00e1l, klu\u0161u s&nbsp;ko\u010d\u00e1rem promen\u00e1dou k&nbsp;nejbli\u017e\u0161\u00ed zast\u00edn\u011bn\u00e9 lavi\u010dce. Na ruku nebo do \u0161\u00e1tku ho vz\u00edt nem\u016f\u017eu, p\u00e1\u010d ten o\u010dek\u00e1v\u00e1n\u00fd \u201ep\u0159\u00edjemn\u00fd mo\u0159sk\u00fd v\u00e1nek\u201c je dost silnej vichr. A mimino zpocen\u00e9 a t\u00e9m\u011b\u0159 nah\u00e9. 150 kojen\u00ed ni\u010demu nepomohlo, mimino \u0159ve d\u00e1l, kr\u00e1sn\u00fd v\u00fdhled na mo\u0159e, Akko a Haifu mu je tot\u00e1ln\u011b ukradenej. Aby ne, kdy\u017e ve sv\u00e9m v\u011bku necel\u00fdch dvou t\u00fddn\u016f vid\u00ed asi na 20 cm, \u017ee. Frustrace se rozb\u00edh\u00e1. Zp\u00e1tky k&nbsp;autu to beru oklikou po chodn\u00edku, kde je m\u00ed\u0148 lid\u00ed, abych se vyhla vy\u010d\u00edtav\u00fdm pohled\u016fm, pro\u010d to d\u00edt\u011b tak t\u00fdr\u00e1m, a dotaz\u016fm, pro\u010d nem\u00e1 \u010depici a gat\u011b. P\u0159\u00edpadn\u011b rovnou telefon\u00e1t\u016fm na soci\u00e1lku. Cestou v&nbsp;autoseda\u010dce v\u0159e\u0161t\u00ed taky a a\u017e 10 minut p\u0159ed dojezdem dom\u016f vy\u010derpan\u011b us\u00edn\u00e1. Ale ne dost vy\u010derpan\u011b na to, aby se hned po zaparkov\u00e1n\u00ed p\u0159ed bar\u00e1kem neprobudil a znovu nespustil. M\u00e1m hodinu a p\u016fl, ne\u017e se vr\u00e1t\u00ed ze \u0161kolky Daniel. A celou tu dobu str\u00e1v\u00edm s&nbsp;miminem na prsu nebo aspo\u0148 na ruce. Frustrace je v&nbsp;pln\u00e9m proudu a to m\u00e1m za sebou tu sna\u017e\u0161\u00ed \u010d\u00e1st dne, haha. Babysitter jsem na odpoledne nesehnala, tch\u00fdn\u011b pracuje jako obvykle. Co zb\u00fdv\u00e1? B\u016fh! Ale to bych si na n\u011bj musela vzpomenout \u010dast\u011bji ne\u017e pr\u00e1v\u011b v&nbsp;tuhle chv\u00edli :).<\/p>\n<p>Situaci zachra\u0148uje Yahav, Giyor\u016fv druhorozen\u00fd. Doraz\u00ed pohl\u00eddat Daniela, zat\u00edmco j\u00e1 s&nbsp;juniorem pojedeme pro Neva do \u0161kolky. Eitan mezit\u00edm usnul. Sla\u010fou\u010dk\u00fd, spokojen\u00fd, m\u00edrumilovn\u00fd miminko. P\u0159itom je\u0161t\u011b p\u0159ed chv\u00edl\u00ed mu rud\u011b z\u00e1\u0159ily o\u010di a z&nbsp;pusy \u0161lehaly plameny!!! Nebo tak n\u011bjak&#8230; Spink\u00e1 celou cestu do \u0161kolky, v&nbsp;autoseda\u010dce nasazen\u00e9 na konstrukci ko\u010d\u00e1ru prosp\u00ed i vyzvednut\u00ed (a to bylo sakra neobratn\u00e9 nasazen\u00ed, p\u00e1\u010d jsem si to koza nezkusila dop\u0159edu vklidu doma) a naprosto p\u0159ekvapiv\u011b sp\u00ed i celou cestu zp\u00e1tky plus 20 minut. Yahav \u00fasp\u011b\u0161n\u011b zabavuje oba star\u0161\u00ed bratry, zat\u00edmco j\u00e1 mrn\u011b nakoj\u00edm a vykoupu. Po dal\u0161\u00ed sv\u00e1\u010de vzorn\u011b us\u00edn\u00e1 znovu a nech\u00e1 m\u011b vy\u0159\u00eddit koup\u00e1n\u00ed i ve\u010de\u0159e kluk\u016f. Vzbud\u00ed se a\u017e na \u010dten\u00ed kn\u00ed\u017eky p\u0159ed span\u00edm. Nevo zni\u010den\u00fd dlouh\u00fdm dnem ve \u0161kolce usne po prvn\u00ed v\u011bt\u011b &#8211; d\u0159\u00edv, ne\u017e Eitan za\u010dne projevovat nespokojenost. Krtek asi nebude jeho obl\u00edbenec. Daniel konstatuje, \u017ee Nevo usnul a do\u017eaduje se, a\u0165 se z&nbsp;prost\u0159edku m\u00edstnosti posunu vedle n\u011bj. V\u00fdsadn\u00ed pr\u00e1vo toho, kdo vydr\u017eel d\u00fdl vzh\u016fru. Zbytek kn\u00ed\u017eky \u010dtu s&nbsp;p\u0159\u00edsavkou p\u0159is\u00e1tou, ale nikomu to nevad\u00ed, a ne\u017e m\u00e1 Krtek do\u0161it\u00e9 kalhotky, sp\u00ed oba. A to je kr\u00e1tce p\u0159ed osmou. Nakonec se ten den docela vybral (no a p\u0159esn\u011b po t\u00e9hle v\u011bt\u011b to v&nbsp;post\u00fdlce kousek ode m\u011b za\u010dalo zas nespokojen\u011b bru\u010det&#8230;). Je\u0161t\u011b asi 21 hodin a man\u017eel je zp\u00e1tky. Tak snad to n\u011bjak d\u00e1me.<\/p>\n<p>P\u0159ikl\u00e1d\u00e1m jedin\u00e9 foto, co se mi dnes povedlo vyfotit&#8230;<\/p>\n<p><img loading=\"lazy\" decoding=\"async\" class=\"alignnone size-medium wp-image-1008\" src=\"http:\/\/www.monikavizraeli.com\/wp-content\/uploads\/2018\/10\/DSC_0215-300x169.jpg\" alt=\"\" width=\"300\" height=\"169\" \/><\/p>\n","protected":false},"excerpt":{"rendered":"<p>Konec pr\u00e1zdnin a hned den bez man\u017eela. R\u00e1no je\u0161t\u011b ud\u011blal kluk\u016fm sva\u010diny a hur\u00e1 na kurz, ze kter\u00e9ho se vr\u00e1t\u00ed a\u017e z\u00edtra odpoledne. J\u00e1 bl\u00e1hov\u00e1 si myslela, jak\u00e1 to bude \u00faleva, a\u017e budou kluci zp\u00e1tky ve \u0161kolk\u00e1ch! Jak budu dopoledne s&nbsp;hodn\u00fdm miminkem dosp\u00e1vat deficity z&nbsp;noc\u00ed, kone\u010dn\u011b tu zas po\u0159\u00e1dn\u011b uklid\u00edm, za\u010dneme chodit na proch\u00e1zky ven&#8230; &hellip; <\/p>\n<p class=\"link-more\"><a href=\"https:\/\/www.monikavizraeli.com\/index.php\/2018\/10\/03\/skoncily-prazdniny-hura-zacina-idylka-ve-dvou-nebo-ze-by-ne\/\" class=\"more-link\">Pokra\u010dovat ve \u010dten\u00ed<span class=\"screen-reader-text\"> &#8222;Skon\u010dily pr\u00e1zdniny! Hur\u00e1, za\u010d\u00edn\u00e1 idylka ve dvou! Nebo \u017ee by ne&#8230;?&#8220;<\/span><\/a><\/p>\n","protected":false},"author":1,"featured_media":0,"comment_status":"open","ping_status":"open","sticky":false,"template":"","format":"standard","meta":{"_monsterinsights_skip_tracking":false,"_monsterinsights_sitenote_active":false,"_monsterinsights_sitenote_note":"","_monsterinsights_sitenote_category":0,"ngg_post_thumbnail":0,"footnotes":""},"categories":[4,5],"tags":[],"class_list":["post-1006","post","type-post","status-publish","format-standard","hentry","category-blog","category-rodicovstvi"],"_links":{"self":[{"href":"https:\/\/www.monikavizraeli.com\/index.php\/wp-json\/wp\/v2\/posts\/1006","targetHints":{"allow":["GET"]}}],"collection":[{"href":"https:\/\/www.monikavizraeli.com\/index.php\/wp-json\/wp\/v2\/posts"}],"about":[{"href":"https:\/\/www.monikavizraeli.com\/index.php\/wp-json\/wp\/v2\/types\/post"}],"author":[{"embeddable":true,"href":"https:\/\/www.monikavizraeli.com\/index.php\/wp-json\/wp\/v2\/users\/1"}],"replies":[{"embeddable":true,"href":"https:\/\/www.monikavizraeli.com\/index.php\/wp-json\/wp\/v2\/comments?post=1006"}],"version-history":[{"count":4,"href":"https:\/\/www.monikavizraeli.com\/index.php\/wp-json\/wp\/v2\/posts\/1006\/revisions"}],"predecessor-version":[{"id":1012,"href":"https:\/\/www.monikavizraeli.com\/index.php\/wp-json\/wp\/v2\/posts\/1006\/revisions\/1012"}],"wp:attachment":[{"href":"https:\/\/www.monikavizraeli.com\/index.php\/wp-json\/wp\/v2\/media?parent=1006"}],"wp:term":[{"taxonomy":"category","embeddable":true,"href":"https:\/\/www.monikavizraeli.com\/index.php\/wp-json\/wp\/v2\/categories?post=1006"},{"taxonomy":"post_tag","embeddable":true,"href":"https:\/\/www.monikavizraeli.com\/index.php\/wp-json\/wp\/v2\/tags?post=1006"}],"curies":[{"name":"wp","href":"https:\/\/api.w.org\/{rel}","templated":true}]}}